{"id":1316,"date":"2024-03-28T20:50:41","date_gmt":"2024-03-28T20:50:41","guid":{"rendered":"https:\/\/www.web-korki.pl\/?p=1316"},"modified":"2024-07-06T07:44:44","modified_gmt":"2024-07-06T07:44:44","slug":"jan-i-budowanie-kariery-zawodowej-za-granica","status":"publish","type":"post","link":"https:\/\/www.web-korki.pl\/index.php\/2024\/03\/28\/jan-i-budowanie-kariery-zawodowej-za-granica\/","title":{"rendered":"Zyski i straty Jana podczas budowania kariery zawodowej za granic\u0105"},"content":{"rendered":"\n<div class=\"wp-block-image\"><figure class=\"aligncenter size-large is-resized\"><img loading=\"lazy\" decoding=\"async\" src=\"https:\/\/www.web-korki.pl\/wp-content\/uploads\/2024\/03\/Jan1-1-683x1024.jpg\" alt=\"\" class=\"wp-image-1321\" width=\"342\" height=\"512\" srcset=\"https:\/\/www.web-korki.pl\/wp-content\/uploads\/2024\/03\/Jan1-1-683x1024.jpg 683w, https:\/\/www.web-korki.pl\/wp-content\/uploads\/2024\/03\/Jan1-1-200x300.jpg 200w, https:\/\/www.web-korki.pl\/wp-content\/uploads\/2024\/03\/Jan1-1-768x1152.jpg 768w, https:\/\/www.web-korki.pl\/wp-content\/uploads\/2024\/03\/Jan1-1-1024x1536.jpg 1024w, https:\/\/www.web-korki.pl\/wp-content\/uploads\/2024\/03\/Jan1-1-1365x2048.jpg 1365w, https:\/\/www.web-korki.pl\/wp-content\/uploads\/2024\/03\/Jan1-1-scaled.jpg 1707w\" sizes=\"auto, (max-width: 342px) 100vw, 342px\" \/><figcaption>Wizerunek Jana<\/figcaption><\/figure><\/div>\n\n\n\n<p><strong>Opowiedz, jak do\u0142\u0105czy\u0142e\u015b do Web-Kork\u00f3w.<\/strong><\/p>\n\n\n\n<p>Inspiracj\u0105 do zaanga\u017cowania si\u0119 w Web-Korki by\u0142a moja mama, nauczycielka z ponad dwudziestoletnim do\u015bwiadczeniem pracy w szkole przyszpitalnej, kt\u00f3ra na co dzie\u0144 pracuje z dzie\u0107mi zmagaj\u0105cymi si\u0119 <br>z wieloma trudno\u015bciami. Zanim do\u0142\u0105czy\u0142em do Fundacji, zach\u0119cony przez mam\u0119, mia\u0142em okazj\u0119 pomaga\u0107 jednemu z jej podopiecznych w przygotowaniu do matury. Jako \u017ce mieszka\u0142em za granic\u0105, przez ponad rok spotykali\u015bmy si\u0119 online, co u\u015bwiadomi\u0142o mi, jak \u0142atwo mo\u017cna pom\u00f3c drugiej osobie w nauce. <br>Gdy ko\u0144czy\u0142em zaj\u0119cia z uczennic\u0105 mojej mamy, natkn\u0105\u0142em si\u0119 na post UAM na Facebooku dotycz\u0105cy Web-Kork\u00f3w i od razu postanowi\u0142em do\u0142\u0105czy\u0107. W Fundacji jestem zaanga\u017cowany ju\u017c drugi rok. W zesz\u0142ym roku szkolnym pomaga\u0142em ch\u0142opcu przygotowa\u0107 si\u0119 do egzaminu \u00f3smoklasisty z matematyki, a w tym roku mia\u0142em uczennic\u0119, kt\u00f3rej pomaga\u0142em na bie\u017c\u0105co z chemii. Niestety, z r\u00f3\u017cnych powod\u00f3w od ponad miesi\u0105ca nie mieli\u015bmy zaj\u0119\u0107. Jestem jednak ca\u0142y czas dost\u0119pny i czekam na przydzielenie nowego ucznia.<\/p>\n\n\n\n<p><strong>Jakim by\u0142e\u015b uczniem?<\/strong><\/p>\n\n\n\n<p>Wydaje mi si\u0119, \u017ce uczy\u0142em si\u0119 ca\u0142kiem dobrze, cho\u0107 niekt\u00f3rzy nauczyciele narzekali na moje zachowanie. Szczeg\u00f3lnie przeszkadza\u0142a im moja gadatliwo\u015b\u0107 podczas lekcji, za co wielokrotnie by\u0142em upominany, <br>a gdy to nie przynosi\u0142o efekt\u00f3w, bywa\u0142em nawet wyrzucany z klasy.<\/p>\n\n\n\n<p><strong>Czym obecnie si\u0119 zajmujesz?<\/strong><\/p>\n\n\n\n<p>Od ponad roku odbywam sta\u017c podoktorski na Uniwersytecie Kalifornijskim w San Diego. Na co dzie\u0144 zajmuj\u0119 si\u0119 prowadzeniem bada\u0144 naukowych, co w przypadku chemika, jakim jestem, oznacza g\u0142\u00f3wnie mieszanie r\u00f3\u017cnych substancji w naprawd\u0119 dziwnie wygl\u0105daj\u0105cych szklanych naczyniach. Moja tematyka badawcza dotyczy projektowania i izolowania nowych zwi\u0105zk\u00f3w w\u0119gla, kt\u00f3re nie przestrzegaj\u0105 regu\u0142y oktetu elektronowego, nazywanych karbenami. Osoby zainteresowane tymi niepos\u0142usznymi cz\u0105steczkami o wielorakich zastosowaniach odsy\u0142am na stron\u0119 mojej grupy badawczej:<\/p>\n\n\n\n<figure class=\"wp-block-embed\"><div class=\"wp-block-embed__wrapper\">\nhttps:\/\/bertrandgroup.ucsd.edu\/Bertrands_group.html\n<\/div><\/figure>\n\n\n\n<p><strong>Sk\u0105d pojawi\u0142o si\u0119 u Ciebie zainteresowanie chemi\u0105?<\/strong><\/p>\n\n\n\n<p>My\u015bl\u0119, \u017ce g\u0142\u00f3wnie przypadek i odrobina szcz\u0119\u015bcia pokierowa\u0142y mnie w stron\u0119 chemii. W liceum zrazi\u0142em si\u0119 do biologii, kt\u00f3rej ostatecznie nie zdawa\u0142em na maturze, co poskutkowa\u0142o rozpocz\u0119ciem studi\u00f3w chemicznych. Podczas studi\u00f3w zainteresowa\u0142em si\u0119 syntez\u0105 chemiczn\u0105 i wiele wolnego czasu sp\u0119dzi\u0142em w r\u00f3\u017cnych laboratoriach, poznaj\u0105c, jak wygl\u0105da praca chemika-badacza. Wydawa\u0142o mi si\u0119, \u017ce praca naukowa oferuje du\u017co swobody i wolno\u015bci, co sk\u0142oni\u0142o mnie do podj\u0119cia studi\u00f3w doktoranckich i tak <br>to trwa do dzisiaj. Du\u017ce znaczenie mia\u0142a r\u00f3wnie\u017c moja otwarto\u015b\u0107 na innych i ciekawo\u015b\u0107 \u015bwiata. Kariera <br>w chemii, a og\u00f3lnie w nauce, pozwala na spotkanie wielu niesamowitych i r\u00f3\u017cnorodnych ludzi, a liczne wyjazdy daj\u0105 mo\u017cliwo\u015b\u0107 poznawania nowych miejsc i kultur.<\/p>\n\n\n\n<p><strong>Czy opr\u00f3cz badaniami zajmujesz si\u0119 r\u00f3wnie\u017c dydaktyk\u0105?<\/strong><\/p>\n\n\n\n<p>Obecnie, ze wzgl\u0119du na moj\u0105 wiz\u0119, nie mog\u0119 prowadzi\u0107 zaj\u0119\u0107 ze studentami i skupiam si\u0119 g\u0142\u00f3wnie <br>na pracy badawczej. Niemniej jednak, opiekuj\u0119 si\u0119 kilkoma studentami, kt\u00f3rzy przychodz\u0105 do naszego laboratorium jako wolontariusze, oraz dziel\u0119 si\u0119 moim do\u015bwiadczeniem z m\u0142odszymi kolegami doktorantami. Ostatnie zaj\u0119cia, kt\u00f3re prowadzi\u0142em, to laboratoria dla student\u00f3w na pocz\u0105tku mojego doktoratu. By\u0142em do\u015b\u0107 wymagaj\u0105cy \u2013 na pocz\u0105tku ka\u017cdych zaj\u0119\u0107 sprawdza\u0142em wiedz\u0119 student\u00f3w, <br>a kto nie zaliczy\u0142 tzw. wej\u015bci\u00f3wki, nie m\u00f3g\u0142 uczestniczy\u0107 w dalszej cz\u0119\u015bci. Pewne do\u015bwiadczenie nauczy\u0142o mnie sprawiedliwego traktowania wszystkich: studentka pop\u0142aka\u0142a si\u0119, poniewa\u017c zabrak\u0142o jej jednego punktu do zaliczenia i twierdzi\u0142a, \u017ce przez to nie zda roku, jednak okaza\u0142o si\u0119 to nieprawd\u0105. Od tego czasu nie by\u0142o miejsca na dyskusj\u0119 \u2013 je\u015bli informacji zabrak\u0142o na kartce, uznawa\u0142em, \u017ce student nie opanowa\u0142 materia\u0142u dostatecznie i nie jest przygotowany do \u0107wicze\u0144.<\/p>\n\n\n\n<p><strong>Czy chcia\u0142by\u015b ponownie obj\u0105\u0107 stanowisko nauczyciela akademickiego?<\/strong><\/p>\n\n\n\n<p>Prowadzenie zaj\u0119\u0107 dla student\u00f3w by\u0142o dla mnie ciekawym do\u015bwiadczeniem. Ponadto, od prawie 10 lat jestem zwi\u0105zany z prac\u0105 na uczelni, wi\u0119c czasami zastanawiam si\u0119 nad tym aspektem mojej kariery. Zaw\u00f3d nauczyciela ma jednak swoj\u0105 specyfik\u0119 i nie s\u0105dz\u0119, by w pe\u0142ni do mnie pasowa\u0142. Nadal pozostaj\u0119 otwarty na nowe wyzwania, rozwa\u017cam prac\u0119 w sektorze prywatnym i nieustannie szukam nowych do\u015bwiadcze\u0144. Wydaje mi si\u0119, \u017ce musz\u0119 zdoby\u0107 jeszcze wi\u0119cej wiedzy i praktyki, zanim b\u0119d\u0119 m\u00f3g\u0142 si\u0119 ni\u0105 dzieli\u0107 z innymi.<\/p>\n\n\n\n<p><strong>Ile razy przeprowadza\u0142e\u015b si\u0119?<\/strong><\/p>\n\n\n\n<p>Kilkukrotnie zmienia\u0142em miejsce zamieszkania. Uwa\u017cam, \u017ce jest to do\u015bwiadczenie o unikatowej warto\u015bci, ale wi\u0105\u017ce si\u0119 z wieloma trudno\u015bciami, a w szczeg\u00f3lno\u015bci z roz\u0142\u0105k\u0105 z najbli\u017cszymi, do \u017cycia z kt\u00f3rymi <br>na odleg\u0142o\u015b\u0107 trzeba si\u0119 nauczy\u0107. Jest to jednak cena, jak\u0105 trzeba zap\u0142aci\u0107 za mo\u017cliwo\u015b\u0107 zdobycia nowych do\u015bwiadcze\u0144 i \u017cycia w r\u00f3\u017cnych zak\u0105tkach \u015bwiata. Od pocz\u0105tku moich studi\u00f3w na Wydziale Chemii mieszka\u0142em ju\u017c w Danii, Belgii, Niemczech, Francji i dwa razy w Stanach Zjednoczonych \u2013 \u0142\u0105cznie b\u0119dzie to ju\u017c ponad 5 lat \u017cycia na walizkach.<\/p>\n\n\n\n<div class=\"wp-block-image\"><figure class=\"aligncenter size-full is-resized\"><img loading=\"lazy\" decoding=\"async\" src=\"https:\/\/www.web-korki.pl\/wp-content\/uploads\/2024\/03\/Jan2.jpg\" alt=\"\" class=\"wp-image-1319\" width=\"375\" height=\"500\" srcset=\"https:\/\/www.web-korki.pl\/wp-content\/uploads\/2024\/03\/Jan2.jpg 750w, https:\/\/www.web-korki.pl\/wp-content\/uploads\/2024\/03\/Jan2-225x300.jpg 225w\" sizes=\"auto, (max-width: 375px) 100vw, 375px\" \/><figcaption>Jan podczas wycieczki we Francji. W tle malowniczy Mont Saint Michel<\/figcaption><\/figure><\/div>\n\n\n\n<p><strong>Jak znosi\u0142e\u015b te przeprowadzki?<\/strong><\/p>\n\n\n\n<p>Podchodz\u0119 do nich bardzo prosto, traktuj\u0105c je jako kolejne zadanie do wykonania, bez \u017cadnych sentyment\u00f3w. Wszystkie swoje rzeczy jestem w stanie zmie\u015bci\u0107 w dw\u00f3ch walizkach i wyruszy\u0107 w drog\u0119 <br>w ka\u017cdym momencie. To nauczy\u0142o mnie minimalizmu i umiej\u0119tno\u015bci nie gromadzenia niepotrzebnych szparga\u0142\u00f3w. Cho\u0107 noszenie baga\u017cu nie jest za wygodne, to te\u017c nie jest zbyt problematyczne. Moje przeprowadzki zach\u0119caj\u0105 mnie do odkrywania nowych miejsc, daj\u0105 poczucie wolno\u015bci oraz wewn\u0119trznej pewno\u015bci siebie, \u017ce wsz\u0119dzie dam rad\u0119. Wi\u0105\u017c\u0105 si\u0119 jednak niestety te\u017c z brakiem sta\u0142ego miejsca zamieszkania i poczucia bezpiecze\u0144stwa. &nbsp;Cz\u0142owiek ca\u0142y czas si\u0119 zastanawia co i gdzie b\u0119d\u0119 robi\u0142, <br>gdy sko\u0144czy si\u0119 obecny kontrakt.<\/p>\n\n\n\n<p><strong>Gdzie czujesz si\u0119 najlepiej?<\/strong><\/p>\n\n\n\n<p>Wydaje mi si\u0119, \u017ce lepszym pytaniem nie jest \u201egdzie\u201d, ale \u201ez kim\u201d czuj\u0119 si\u0119 najlepiej. Najwi\u0119cej rado\u015bci sprawia mi oczywi\u015bcie towarzystwo bliskich os\u00f3b: dziewczyny, rodzic\u00f3w, przyjaci\u00f3\u0142. Miejsce ma dla mnie drugorz\u0119dne znaczenie. Zawsze staram si\u0119 skupi\u0107 na relacjach z lud\u017ami, kt\u00f3rzy mnie otaczaj\u0105. To dobrze ilustruje moja relacja z dziewczyn\u0105; jako miejsca naszych spotka\u0144 wybieramy cz\u0119sto nowe, kt\u00f3re mo\u017cemy wsp\u00f3lnie zwiedza\u0107. Jednak zawsze najwi\u0119cej rado\u015bci czerpi\u0119 po prostu z czasu sp\u0119dzonego razem.<\/p>\n\n\n\n<p><strong>Jak cz\u0119sto wracasz do Polski?<\/strong><\/p>\n\n\n\n<p>Mimo \u017ce Polska zajmuje wyj\u0105tkowe miejsce w moim sercu, to ze wzgl\u0119du na du\u017c\u0105 odleg\u0142o\u015b\u0107 od Stan\u00f3w Zjednoczonych i znacz\u0105ce koszty podr\u00f3\u017cy, wracam tam tylko oko\u0142o 2-3 razy w roku.<\/p>\n\n\n\n<p><strong>Czego dostarczy\u0142y Ci wyjazdy zagraniczne?<\/strong><\/p>\n\n\n\n<p>Dotychczas ka\u017cdy m\u00f3j wyjazd przyni\u00f3s\u0142 mi nowe, pozytywne do\u015bwiadczenia, kt\u00f3re mam nadziej\u0119 zaowocuj\u0105 w przysz\u0142o\u015bci. Wydaje mi si\u0119, \u017ce najwi\u0119ksz\u0105 korzy\u015bci\u0105 by\u0142o mo\u017cliwo\u015b\u0107 poznania wielu nowych ludzi z r\u00f3\u017cnych kr\u0119g\u00f3w kulturowych, kt\u00f3rzy po bli\u017cszym poznaniu okazuj\u0105 si\u0119 nie r\u00f3\u017cni\u0107 zbytnio <br>od Polak\u00f3w. Dzi\u0119ki temu zrozumia\u0142em, jak \u0142atwa mo\u017ce by\u0107 wsp\u00f3\u0142praca w \u015brodowisku mi\u0119dzynarodowym, zar\u00f3wno w kontek\u015bcie \u017cycia codziennego, jak i pracy naukowej. Zach\u0119cam ka\u017cdego do skorzystania <br>z mo\u017cliwo\u015bci wyjazdu za granic\u0119, a wbrew pozorom, dzi\u0119ki wielu dost\u0119pnym programom, takim jak Erasmus, DAAD czy Fundacja Ko\u015bciuszkowska nie jest to wcale takie trudne. Takie wyjazdy daj\u0105 unikatow\u0105 szans\u0119 na poznanie innych ludzi, kt\u00f3rzy swoimi potrzebami, odczuwaniem emocji nie r\u00f3\u017cni\u0105 si\u0119 od nas. Wszyscy w gruncie rzeczy jeste\u015bmy do siebie podobni, co u\u0142atwia nawi\u0105zywanie nowych przyja\u017ani oraz tworzenie grup znajomych. Wydaje mi si\u0119, \u017ce te wyjazdy zagraniczne ucz\u0105 tak\u017ce otwarto\u015bci i zdolno\u015bci dostosowania si\u0119, co w \u017cyciu prywatnym pozwala by\u0107 bardziej empatycznym, a w \u017cyciu zawodowym czyni z nas lepszych wsp\u00f3\u0142pracownik\u00f3w<\/p>\n\n\n\n<p><strong>Z kim najlepiej si\u0119 porozumiewasz?<\/strong><\/p>\n\n\n\n<p>Z fajnymi lud\u017ami! (\u015bmiech) Wiesz, dla mnie nie ma znaczenia narodowo\u015b\u0107. Mo\u017cna pozna\u0107 odpowiednich, warto\u015bciowych ludzi wsz\u0119dzie, niezale\u017cnie od kultury czy miejsca pochodzenia. Niekt\u00f3rzy s\u0105 mili i \u0142atwo jest znale\u017a\u0107 z nimi wsp\u00f3lny j\u0119zyk, a z innymi, tzw. mrukami, ju\u017c niekoniecznie. To zale\u017cy od konkretnej osoby, jaka jest, jakie ma do mnie podej\u015bcie, czy si\u0119 lubimy, rozumiemy. Spotka\u0142em wiele interesuj\u0105cych os\u00f3b, a szukanie wsp\u00f3lnego j\u0119zyka z ka\u017cd\u0105 z nich na troch\u0119 inny spos\u00f3b zawsze sprawia\u0142o mi wiele rado\u015bci.<\/p>\n\n\n\n<div class=\"wp-block-image\"><figure class=\"aligncenter size-large is-resized\"><img loading=\"lazy\" decoding=\"async\" src=\"https:\/\/www.web-korki.pl\/wp-content\/uploads\/2024\/03\/Jan3-1024x505.jpg\" alt=\"\" class=\"wp-image-1318\" width=\"768\" height=\"379\" srcset=\"https:\/\/www.web-korki.pl\/wp-content\/uploads\/2024\/03\/Jan3-1024x505.jpg 1024w, https:\/\/www.web-korki.pl\/wp-content\/uploads\/2024\/03\/Jan3-300x148.jpg 300w, https:\/\/www.web-korki.pl\/wp-content\/uploads\/2024\/03\/Jan3-768x379.jpg 768w, https:\/\/www.web-korki.pl\/wp-content\/uploads\/2024\/03\/Jan3-1536x757.jpg 1536w, https:\/\/www.web-korki.pl\/wp-content\/uploads\/2024\/03\/Jan3.jpg 1594w\" sizes=\"auto, (max-width: 768px) 100vw, 768px\" \/><figcaption>Grupa badawcza, z kt\u00f3r\u0105 Jan wsp\u00f3\u0142pracuje<\/figcaption><\/figure><\/div>\n\n\n\n<p><strong>Jak jeste\u015b traktowany przez innych zagranic\u0105?<\/strong><\/p>\n\n\n\n<p>Mam szcz\u0119\u015bcie by\u0107 zazwyczaj traktowany bardzo dobrze i nigdy nie do\u015bwiadczy\u0142em dyskryminacji ani braku tolerancji. Cho\u0107 nie zawsze idealnie wpasowuj\u0119 si\u0119 w ka\u017cd\u0105 grup\u0119, zawsze staram si\u0119 znale\u017a\u0107 swoje miejsce i dopasowa\u0107 najlepiej, jak potrafi\u0119. \u015arodowisko akademickie jest bardzo otwarte i niezwykle rzadko dochodzi do przykrych incydent\u00f3w.<\/p>\n\n\n\n<p><strong>Dzi\u0119kuj\u0119 za po\u015bwi\u0119cony czas na rozmow\u0119.<\/strong><\/p>\n\n\n\n<p>Dzi\u0119kuj\u0119 r\u00f3wnie\u017c.<\/p>\n\n\n\n<p>Wywiad przeprowadzi\u0142a Dorota Ochnik.<\/p>\n","protected":false},"excerpt":{"rendered":"<p>Opowiedz, jak do\u0142\u0105czy\u0142e\u015b do Web-Kork\u00f3w. Inspiracj\u0105 do zaanga\u017cowania si\u0119 w Web-Korki by\u0142a moja mama, nauczycielka z ponad dwudziestoletnim do\u015bwiadczeniem pracy<\/p>\n<p><a href=\"https:\/\/www.web-korki.pl\/index.php\/2024\/03\/28\/jan-i-budowanie-kariery-zawodowej-za-granica\/\" class=\"more-link\">Zobacz wi\u0119cej<span class=\"screen-reader-text\">Zyski i straty Jana podczas budowania kariery zawodowej za granic\u0105<\/span><\/a><\/p>\n","protected":false},"author":1,"featured_media":1320,"comment_status":"closed","ping_status":"closed","sticky":false,"template":"","format":"standard","meta":{"footnotes":""},"categories":[1],"tags":[],"class_list":["post-1316","post","type-post","status-publish","format-standard","has-post-thumbnail","hentry","category-blog"],"yoast_head":"<!-- This site is optimized with the Yoast SEO plugin v17.9 - https:\/\/yoast.com\/wordpress\/plugins\/seo\/ -->\n<title>Jan i budowanie kariery zawodowej za granic\u0105<\/title>\n<meta name=\"robots\" content=\"index, follow, max-snippet:-1, max-image-preview:large, max-video-preview:-1\" \/>\n<link rel=\"canonical\" href=\"https:\/\/www.web-korki.pl\/index.php\/2024\/03\/28\/jan-i-budowanie-kariery-zawodowej-za-granica\/\" \/>\n<meta property=\"og:locale\" content=\"pl_PL\" \/>\n<meta property=\"og:type\" content=\"article\" \/>\n<meta property=\"og:title\" content=\"Jan i budowanie kariery zawodowej za granic\u0105\" \/>\n<meta property=\"og:description\" content=\"Opowiedz, jak do\u0142\u0105czy\u0142e\u015b do Web-Kork\u00f3w. Inspiracj\u0105 do zaanga\u017cowania si\u0119 w Web-Korki by\u0142a moja mama, nauczycielka z ponad dwudziestoletnim do\u015bwiadczeniem pracyZobacz wi\u0119cejZyski i straty Jana podczas budowania kariery zawodowej za granic\u0105\" \/>\n<meta property=\"og:url\" content=\"https:\/\/www.web-korki.pl\/index.php\/2024\/03\/28\/jan-i-budowanie-kariery-zawodowej-za-granica\/\" \/>\n<meta property=\"og:site_name\" content=\"Fundacja Web-korki\" \/>\n<meta property=\"article:published_time\" content=\"2024-03-28T20:50:41+00:00\" \/>\n<meta property=\"article:modified_time\" content=\"2024-07-06T07:44:44+00:00\" \/>\n<meta property=\"og:image\" content=\"https:\/\/www.web-korki.pl\/wp-content\/uploads\/2024\/03\/Jan1-scaled.jpg\" \/>\n\t<meta property=\"og:image:width\" content=\"1707\" \/>\n\t<meta property=\"og:image:height\" content=\"2560\" \/>\n\t<meta property=\"og:image:type\" content=\"image\/jpeg\" \/>\n<meta name=\"twitter:card\" content=\"summary_large_image\" \/>\n<meta name=\"twitter:label1\" content=\"Napisane przez\" \/>\n\t<meta name=\"twitter:data1\" content=\"admin5889\" \/>\n\t<meta name=\"twitter:label2\" content=\"Szacowany czas czytania\" \/>\n\t<meta name=\"twitter:data2\" content=\"9 minut\" \/>\n<script type=\"application\/ld+json\" class=\"yoast-schema-graph\">{\"@context\":\"https:\/\/schema.org\",\"@graph\":[{\"@type\":\"WebSite\",\"@id\":\"https:\/\/www.web-korki.pl\/#website\",\"url\":\"https:\/\/www.web-korki.pl\/\",\"name\":\"Fundacja Web-korki\",\"description\":\"PODARUJMY DZIECIOM SW\\u00d3J CZAS\",\"potentialAction\":[{\"@type\":\"SearchAction\",\"target\":{\"@type\":\"EntryPoint\",\"urlTemplate\":\"https:\/\/www.web-korki.pl\/?s={search_term_string}\"},\"query-input\":\"required name=search_term_string\"}],\"inLanguage\":\"pl-PL\"},{\"@type\":\"ImageObject\",\"@id\":\"https:\/\/www.web-korki.pl\/index.php\/2024\/03\/28\/jan-i-budowanie-kariery-zawodowej-za-granica\/#primaryimage\",\"inLanguage\":\"pl-PL\",\"url\":\"https:\/\/www.web-korki.pl\/wp-content\/uploads\/2024\/03\/Jan1-scaled.jpg\",\"contentUrl\":\"https:\/\/www.web-korki.pl\/wp-content\/uploads\/2024\/03\/Jan1-scaled.jpg\",\"width\":1707,\"height\":2560},{\"@type\":\"WebPage\",\"@id\":\"https:\/\/www.web-korki.pl\/index.php\/2024\/03\/28\/jan-i-budowanie-kariery-zawodowej-za-granica\/#webpage\",\"url\":\"https:\/\/www.web-korki.pl\/index.php\/2024\/03\/28\/jan-i-budowanie-kariery-zawodowej-za-granica\/\",\"name\":\"Jan i budowanie kariery zawodowej za granic\\u0105\",\"isPartOf\":{\"@id\":\"https:\/\/www.web-korki.pl\/#website\"},\"primaryImageOfPage\":{\"@id\":\"https:\/\/www.web-korki.pl\/index.php\/2024\/03\/28\/jan-i-budowanie-kariery-zawodowej-za-granica\/#primaryimage\"},\"datePublished\":\"2024-03-28T20:50:41+00:00\",\"dateModified\":\"2024-07-06T07:44:44+00:00\",\"author\":{\"@id\":\"https:\/\/www.web-korki.pl\/#\/schema\/person\/314c39f3493021bd94a9dceaec288b12\"},\"breadcrumb\":{\"@id\":\"https:\/\/www.web-korki.pl\/index.php\/2024\/03\/28\/jan-i-budowanie-kariery-zawodowej-za-granica\/#breadcrumb\"},\"inLanguage\":\"pl-PL\",\"potentialAction\":[{\"@type\":\"ReadAction\",\"target\":[\"https:\/\/www.web-korki.pl\/index.php\/2024\/03\/28\/jan-i-budowanie-kariery-zawodowej-za-granica\/\"]}]},{\"@type\":\"BreadcrumbList\",\"@id\":\"https:\/\/www.web-korki.pl\/index.php\/2024\/03\/28\/jan-i-budowanie-kariery-zawodowej-za-granica\/#breadcrumb\",\"itemListElement\":[{\"@type\":\"ListItem\",\"position\":1,\"name\":\"Strona g\\u0142\\u00f3wna\",\"item\":\"https:\/\/www.web-korki.pl\/\"},{\"@type\":\"ListItem\",\"position\":2,\"name\":\"Zyski i straty Jana podczas budowania kariery zawodowej za granic\\u0105\"}]},{\"@type\":\"Person\",\"@id\":\"https:\/\/www.web-korki.pl\/#\/schema\/person\/314c39f3493021bd94a9dceaec288b12\",\"name\":\"admin5889\",\"image\":{\"@type\":\"ImageObject\",\"@id\":\"https:\/\/www.web-korki.pl\/#personlogo\",\"inLanguage\":\"pl-PL\",\"url\":\"https:\/\/secure.gravatar.com\/avatar\/4b9b69db765139b70fcadd78f90d7cd4ad26130c5337cd00587efe4dfec676ee?s=96&d=mm&r=g\",\"contentUrl\":\"https:\/\/secure.gravatar.com\/avatar\/4b9b69db765139b70fcadd78f90d7cd4ad26130c5337cd00587efe4dfec676ee?s=96&d=mm&r=g\",\"caption\":\"admin5889\"},\"sameAs\":[\"http:\/\/www.web-korki.pl\"],\"url\":\"https:\/\/www.web-korki.pl\/index.php\/author\/admin5889\/\"}]}<\/script>\n<!-- \/ Yoast SEO plugin. -->","yoast_head_json":{"title":"Jan i budowanie kariery zawodowej za granic\u0105","robots":{"index":"index","follow":"follow","max-snippet":"max-snippet:-1","max-image-preview":"max-image-preview:large","max-video-preview":"max-video-preview:-1"},"canonical":"https:\/\/www.web-korki.pl\/index.php\/2024\/03\/28\/jan-i-budowanie-kariery-zawodowej-za-granica\/","og_locale":"pl_PL","og_type":"article","og_title":"Jan i budowanie kariery zawodowej za granic\u0105","og_description":"Opowiedz, jak do\u0142\u0105czy\u0142e\u015b do Web-Kork\u00f3w. Inspiracj\u0105 do zaanga\u017cowania si\u0119 w Web-Korki by\u0142a moja mama, nauczycielka z ponad dwudziestoletnim do\u015bwiadczeniem pracyZobacz wi\u0119cejZyski i straty Jana podczas budowania kariery zawodowej za granic\u0105","og_url":"https:\/\/www.web-korki.pl\/index.php\/2024\/03\/28\/jan-i-budowanie-kariery-zawodowej-za-granica\/","og_site_name":"Fundacja Web-korki","article_published_time":"2024-03-28T20:50:41+00:00","article_modified_time":"2024-07-06T07:44:44+00:00","og_image":[{"width":1707,"height":2560,"url":"https:\/\/www.web-korki.pl\/wp-content\/uploads\/2024\/03\/Jan1-scaled.jpg","type":"image\/jpeg"}],"twitter_card":"summary_large_image","twitter_misc":{"Napisane przez":"admin5889","Szacowany czas czytania":"9 minut"},"schema":{"@context":"https:\/\/schema.org","@graph":[{"@type":"WebSite","@id":"https:\/\/www.web-korki.pl\/#website","url":"https:\/\/www.web-korki.pl\/","name":"Fundacja Web-korki","description":"PODARUJMY DZIECIOM SW\u00d3J CZAS","potentialAction":[{"@type":"SearchAction","target":{"@type":"EntryPoint","urlTemplate":"https:\/\/www.web-korki.pl\/?s={search_term_string}"},"query-input":"required name=search_term_string"}],"inLanguage":"pl-PL"},{"@type":"ImageObject","@id":"https:\/\/www.web-korki.pl\/index.php\/2024\/03\/28\/jan-i-budowanie-kariery-zawodowej-za-granica\/#primaryimage","inLanguage":"pl-PL","url":"https:\/\/www.web-korki.pl\/wp-content\/uploads\/2024\/03\/Jan1-scaled.jpg","contentUrl":"https:\/\/www.web-korki.pl\/wp-content\/uploads\/2024\/03\/Jan1-scaled.jpg","width":1707,"height":2560},{"@type":"WebPage","@id":"https:\/\/www.web-korki.pl\/index.php\/2024\/03\/28\/jan-i-budowanie-kariery-zawodowej-za-granica\/#webpage","url":"https:\/\/www.web-korki.pl\/index.php\/2024\/03\/28\/jan-i-budowanie-kariery-zawodowej-za-granica\/","name":"Jan i budowanie kariery zawodowej za granic\u0105","isPartOf":{"@id":"https:\/\/www.web-korki.pl\/#website"},"primaryImageOfPage":{"@id":"https:\/\/www.web-korki.pl\/index.php\/2024\/03\/28\/jan-i-budowanie-kariery-zawodowej-za-granica\/#primaryimage"},"datePublished":"2024-03-28T20:50:41+00:00","dateModified":"2024-07-06T07:44:44+00:00","author":{"@id":"https:\/\/www.web-korki.pl\/#\/schema\/person\/314c39f3493021bd94a9dceaec288b12"},"breadcrumb":{"@id":"https:\/\/www.web-korki.pl\/index.php\/2024\/03\/28\/jan-i-budowanie-kariery-zawodowej-za-granica\/#breadcrumb"},"inLanguage":"pl-PL","potentialAction":[{"@type":"ReadAction","target":["https:\/\/www.web-korki.pl\/index.php\/2024\/03\/28\/jan-i-budowanie-kariery-zawodowej-za-granica\/"]}]},{"@type":"BreadcrumbList","@id":"https:\/\/www.web-korki.pl\/index.php\/2024\/03\/28\/jan-i-budowanie-kariery-zawodowej-za-granica\/#breadcrumb","itemListElement":[{"@type":"ListItem","position":1,"name":"Strona g\u0142\u00f3wna","item":"https:\/\/www.web-korki.pl\/"},{"@type":"ListItem","position":2,"name":"Zyski i straty Jana podczas budowania kariery zawodowej za granic\u0105"}]},{"@type":"Person","@id":"https:\/\/www.web-korki.pl\/#\/schema\/person\/314c39f3493021bd94a9dceaec288b12","name":"admin5889","image":{"@type":"ImageObject","@id":"https:\/\/www.web-korki.pl\/#personlogo","inLanguage":"pl-PL","url":"https:\/\/secure.gravatar.com\/avatar\/4b9b69db765139b70fcadd78f90d7cd4ad26130c5337cd00587efe4dfec676ee?s=96&d=mm&r=g","contentUrl":"https:\/\/secure.gravatar.com\/avatar\/4b9b69db765139b70fcadd78f90d7cd4ad26130c5337cd00587efe4dfec676ee?s=96&d=mm&r=g","caption":"admin5889"},"sameAs":["http:\/\/www.web-korki.pl"],"url":"https:\/\/www.web-korki.pl\/index.php\/author\/admin5889\/"}]}},"_links":{"self":[{"href":"https:\/\/www.web-korki.pl\/index.php\/wp-json\/wp\/v2\/posts\/1316","targetHints":{"allow":["GET"]}}],"collection":[{"href":"https:\/\/www.web-korki.pl\/index.php\/wp-json\/wp\/v2\/posts"}],"about":[{"href":"https:\/\/www.web-korki.pl\/index.php\/wp-json\/wp\/v2\/types\/post"}],"author":[{"embeddable":true,"href":"https:\/\/www.web-korki.pl\/index.php\/wp-json\/wp\/v2\/users\/1"}],"replies":[{"embeddable":true,"href":"https:\/\/www.web-korki.pl\/index.php\/wp-json\/wp\/v2\/comments?post=1316"}],"version-history":[{"count":4,"href":"https:\/\/www.web-korki.pl\/index.php\/wp-json\/wp\/v2\/posts\/1316\/revisions"}],"predecessor-version":[{"id":1376,"href":"https:\/\/www.web-korki.pl\/index.php\/wp-json\/wp\/v2\/posts\/1316\/revisions\/1376"}],"wp:featuredmedia":[{"embeddable":true,"href":"https:\/\/www.web-korki.pl\/index.php\/wp-json\/wp\/v2\/media\/1320"}],"wp:attachment":[{"href":"https:\/\/www.web-korki.pl\/index.php\/wp-json\/wp\/v2\/media?parent=1316"}],"wp:term":[{"taxonomy":"category","embeddable":true,"href":"https:\/\/www.web-korki.pl\/index.php\/wp-json\/wp\/v2\/categories?post=1316"},{"taxonomy":"post_tag","embeddable":true,"href":"https:\/\/www.web-korki.pl\/index.php\/wp-json\/wp\/v2\/tags?post=1316"}],"curies":[{"name":"wp","href":"https:\/\/api.w.org\/{rel}","templated":true}]}}