{"id":1333,"date":"2024-04-29T21:38:39","date_gmt":"2024-04-29T21:38:39","guid":{"rendered":"https:\/\/www.web-korki.pl\/?p=1333"},"modified":"2025-03-09T20:28:12","modified_gmt":"2025-03-09T20:28:12","slug":"zbigniew-leonowicz-profesor-z-technikum","status":"publish","type":"post","link":"https:\/\/www.web-korki.pl\/index.php\/2024\/04\/29\/zbigniew-leonowicz-profesor-z-technikum\/","title":{"rendered":"Zbigniew Leonowicz &#8211; profesor z technikum"},"content":{"rendered":"\n<p><strong>Pan Zbigniew Leonowicz jest profesorem zwyczajnym Wydzia\u0142u Elektroniki Uniwersytetu Wroc\u0142awskiego. Do fundacji trafi\u0142 wiedziony potrzeb\u0105 podejmowania nowych wyzwa\u0144.<\/strong> <strong>Profesor Zbigniew Leonowicz podzieli\u0142 si\u0119 swoim bogatym \u017cyciowym do\u015bwiadczeniem w rozmowie z King\u0105 Danielczyk.<\/strong><\/p>\n\n\n\n<p><strong>K.D.:<\/strong> Bardzo si\u0119 ciesz\u0119, \u017ce zgodzi\u0142 si\u0119 pan na wywiad. Czy na pocz\u0105tek m\u00f3g\u0142by si\u0119 Pan kr\u00f3tko przedstawi\u0107?<\/p>\n\n\n\n<p><strong>Z.L.:<\/strong> Od kilkudziesi\u0119ciu lat pracuj\u0119 na Politechnice Wroc\u0142awskiej. Aktualnie jako profesor elektrotechniki na Wydziale Elektrycznym. Niestety ta praca daje mi coraz mniej satysfakcji. Staje si\u0119 monotonna, za ma\u0142o jest wyzwa\u0144. Mo\u017ce dlatego, \u017ce wszystko, co mog\u0142em, ju\u017c osi\u0105gn\u0105\u0142em w tym zawodzie. Staram si\u0119 pr\u00f3bowa\u0107 czego\u015b nowego, innego, znajdowa\u0107 co\u015b, co b\u0119dzie wyzwaniem. Odkrywa\u0107 cho\u0107by niesztampowy spos\u00f3b my\u015blenia.<\/p>\n\n\n\n<div class=\"wp-block-image\"><figure class=\"aligncenter size-large is-resized\"><img loading=\"lazy\" decoding=\"async\" src=\"https:\/\/www.web-korki.pl\/wp-content\/uploads\/2024\/04\/Zbigniew1-577x1024.jpg\" alt=\"\" class=\"wp-image-1334\" width=\"289\" height=\"512\" srcset=\"https:\/\/www.web-korki.pl\/wp-content\/uploads\/2024\/04\/Zbigniew1-577x1024.jpg 577w, https:\/\/www.web-korki.pl\/wp-content\/uploads\/2024\/04\/Zbigniew1-169x300.jpg 169w, https:\/\/www.web-korki.pl\/wp-content\/uploads\/2024\/04\/Zbigniew1-768x1364.jpg 768w, https:\/\/www.web-korki.pl\/wp-content\/uploads\/2024\/04\/Zbigniew1-865x1536.jpg 865w, https:\/\/www.web-korki.pl\/wp-content\/uploads\/2024\/04\/Zbigniew1.jpg 1126w\" sizes=\"auto, (max-width: 289px) 100vw, 289px\" \/><\/figure><\/div>\n\n\n\n<p><strong>K.D.:<\/strong> I tak Pan trafi\u0142 do fundacji?<\/p>\n\n\n\n<p><strong>Z.L.:<\/strong> Tak, w ten spos\u00f3b trafi\u0142em tak\u017ce do technikum. To by\u0107 mo\u017ce jest dziwne. Nie wiem, czy wielu jest profesor\u00f3w ucz\u0105cych w technikach, chocia\u017c nauczycieli szk\u00f3\u0142 \u015brednich nazywa si\u0119 profesorami, mimo \u017ce profesorami nie s\u0105. Kiedy\u015b s\u0142ysza\u0142em, \u017ce by\u0142o kilku takich, ale na kr\u00f3tko, a ja ju\u017c prawie 3 lata tam pracuj\u0119.<\/p>\n\n\n\n<p><strong>K.D.:<\/strong> Skoro trwa to ju\u017c tak d\u0142ugo, to znaczy, \u017ce si\u0119 tam Panu podoba.<\/p>\n\n\n\n<p><strong>Z.L.:<\/strong> Tak, ale r\u00f3\u017cnie bywa. Wiadomo, \u017ce uczniowie s\u0105 r\u00f3\u017cni. Jest ogromna r\u00f3\u017cnica. Studenci to ludzie doro\u015bli i zwykle dobrze u\u0142o\u017ceni, jednak z mojej perspektywy, przez to nieco nudni.<\/p>\n\n\n\n<p><strong>K.D.:<\/strong> Czy m\u00f3g\u0142by Pan poda\u0107 przyk\u0142ad pokazuj\u0105cy tak\u0105 r\u00f3\u017cnic\u0119?<\/p>\n\n\n\n<p><strong>Z.L.:<\/strong> Jest wiele przyk\u0142ad\u00f3w niew\u0142a\u015bciwego zachowania, jakie si\u0119 nie zdarza na uczelniach. Jest tak\u017ce konieczno\u015b\u0107 r\u00f3\u017cnych interwencji, szczeg\u00f3lnie w klasach m\u0142odszych, bo po szkole podstawowej niekt\u00f3rzy uczniowie przychodz\u0105 do\u015b\u0107 s\u0142abo przygotowani do dalszej, powa\u017cniejszej nauki. Chodzi o problemy zwi\u0105zane z przestrzeganiem zasad, ale po kilku latach jest ju\u017c lepiej. Zawsze d\u0105\u017cymy do poziomu zachowania tego \u201enudnego studenta\u201d.<\/p>\n\n\n\n<p><strong>K.D.:<\/strong> Te problemy s\u0105 dla pana wyzwanie?<\/p>\n\n\n\n<p><strong>Z.L.:<\/strong> Nie do ko\u0144ca wyzwaniem, raczej czym\u015b, co jest bli\u017csze prawdziwemu \u017cyciu. Te ich zachowanie nie s\u0105 nudne, stabilne i przewidywalne, a takie w\u0142a\u015bnie jest \u017cycie.<\/p>\n\n\n\n<p><strong>K.D.:<\/strong> Jak odnalaz\u0142 Pan fundacj\u0119?<\/p>\n\n\n\n<p><strong>Z.L.:<\/strong> W Internecie.<\/p>\n\n\n\n<p><strong>K.D.:<\/strong> Jak przebiega\u0142 proces rekrutacji? Znalaz\u0142 Pan w wyszukiwarce fundacj\u0119 i co si\u0119 sta\u0142o p\u00f3\u017aniej?<\/p>\n\n\n\n<p><strong>Z.L.:<\/strong> Odpowiedzia\u0142em na pytania z formularza, wys\u0142a\u0142em dokumenty, dosta\u0142em odpowied\u017a zwrotn\u0105 nast\u0119pnego dnia.<\/p>\n\n\n\n<p><strong>K.D.:<\/strong> Na pewno by\u0142a jeszcze rozmowa, prawda?<\/p>\n\n\n\n<p><strong>Z.L.:<\/strong> Tak, z Adamem. Uwa\u017cam, \u017ce wst\u0119pna rozmowa z kandydatem na wolontariusza to bardzo dobry pomys\u0142. W ten spos\u00f3b naj\u0142atwiej pozna\u0107 cz\u0142owieka i sprawdzi\u0107, czy nie ma si\u0119 do czynienia z kim\u015b problematycznym. Ludzie s\u0105 r\u00f3\u017cni i maj\u0105 r\u00f3\u017cne motywacje, a dzieci szczeg\u00f3lnie zas\u0142uguj\u0105 na ochron\u0119, bo maj\u0105 ma\u0142o do\u015bwiadczenia i s\u0105 bardzo podatne na r\u00f3\u017cnego rodzaju manipulacje.<\/p>\n\n\n\n<p><strong>K.D.:<\/strong> Czym si\u0119 Pan obecnie zajmuje w fundacji?<\/p>\n\n\n\n<p><strong>Z.L.:<\/strong> Na razie prowadz\u0119 zast\u0119pstwa. Teraz zajmuj\u0119 si\u0119 matematyk\u0105, ale m\u00f3g\u0142bym uczy\u0107 te\u017c innych przedmiot\u00f3w, chocia\u017c to chyba z matematyk\u0105 jest najwi\u0119cej problem\u00f3w.<\/p>\n\n\n\n<p><strong>K.D.:<\/strong> Czyli poprowadzi\u0142 Pan ju\u017c kilka zaj\u0119\u0107?<\/p>\n\n\n\n<p><strong>Z.L.:<\/strong> Tak, mimo \u017ce w fundacji jestem dopiero od kilku tygodni.<\/p>\n\n\n\n<div class=\"wp-block-image\"><figure class=\"aligncenter size-large is-resized\"><img loading=\"lazy\" decoding=\"async\" src=\"https:\/\/www.web-korki.pl\/wp-content\/uploads\/2024\/04\/Zbigniew2-768x1024.jpg\" alt=\"\" class=\"wp-image-1335\" width=\"384\" height=\"512\" srcset=\"https:\/\/www.web-korki.pl\/wp-content\/uploads\/2024\/04\/Zbigniew2-768x1024.jpg 768w, https:\/\/www.web-korki.pl\/wp-content\/uploads\/2024\/04\/Zbigniew2-225x300.jpg 225w, https:\/\/www.web-korki.pl\/wp-content\/uploads\/2024\/04\/Zbigniew2-1152x1536.jpg 1152w, https:\/\/www.web-korki.pl\/wp-content\/uploads\/2024\/04\/Zbigniew2.jpg 1536w\" sizes=\"auto, (max-width: 384px) 100vw, 384px\" \/><\/figure><\/div>\n\n\n\n<p><strong>K.D.:<\/strong> Jak przebiega\u0142y korepetycje?<\/p>\n\n\n\n<p><strong>Z.L.:<\/strong> Bez problem\u00f3w. Lekcje zawsze odbywaj\u0105 si\u0119 1:1. My\u015bl\u0119, \u017ce to efektywny spos\u00f3b uczenia.<\/p>\n\n\n\n<p><strong>K.D.:<\/strong> Jakich mia\u0142 Pan uczni\u00f3w? Starszych czy m\u0142odszych? Mieli k\u0142opoty z bie\u017c\u0105cym materia\u0142em, czy chcieli si\u0119 nauczy\u0107 czego\u015b wi\u0119cej?<\/p>\n\n\n\n<p><strong>Z.L.:<\/strong> Ta ostatnia sytuacja niezbyt cz\u0119sto wyst\u0119puje. Zwykle uczniowie maj\u0105 bardzo du\u017ce zaleg\u0142o\u015bci i pracujemy nad podstawami. Dzieci s\u0105 cz\u0119sto ch\u0119tne do nauki i zainteresowane.<\/p>\n\n\n\n<p><strong>K.D.:<\/strong> Z jakich narz\u0119dzi korzysta Pan w czasie zaj\u0119\u0107?<\/p>\n\n\n\n<p><strong>Z.L.:<\/strong> Zwykle udost\u0119pniam tablic\u0119 i zajmujemy si\u0119 czym\u015b razem z uczniem. Jednocze\u015bnie rozwi\u0105zujemy zadanie. Cz\u0119sto wsp\u00f3\u0142pracujemy, ja co\u015b rozpoczynam, a ucze\u0144 dopisuje, dorysowuje dalsz\u0105 cz\u0119\u015b\u0107. Do prowadzenia zaj\u0119\u0107 najcz\u0119\u015bciej u\u017cywam platform Google Meet i Zoom.<\/p>\n\n\n\n<p><strong>K.D.:<\/strong> Na co zwraca Pan uwag\u0119 prowadz\u0105c zaj\u0119cia?<\/p>\n\n\n\n<p><strong>Z.L.:<\/strong> Trzeba t\u0142umaczy\u0107 bardzo powoli, jak najpro\u015bciej i ca\u0142y czas uwa\u017ca\u0107, sprawdza\u0107, czy s\u0142owa korepetytora s\u0105 odbierane przez ucznia. To jest szczeg\u00f3lnie wa\u017cne przy zdalnym nauczaniu. Wtedy bardzo trudno jest wyczu\u0107, czy ucze\u0144 rozumie co\u015b z tego, co do niego m\u00f3wimy, dlatego co chwil\u0119 trzeba zadawa\u0107 uczniowi pytania. Dodatkowo nie wolno prowadzi\u0107 lekcji, tak, jak wyk\u0142ad, bo jest to nieskuteczne podej\u015bcie. Konieczna jest rozmowa i ci\u0105g\u0142a interakcja.<\/p>\n\n\n\n<p><strong>K.D.:<\/strong> Jak pokazuje Pan, \u017ce matematyka da si\u0119 lubi\u0107?<\/p>\n\n\n\n<p><strong>Z.L.:<\/strong> Czasami mo\u017cna zwr\u00f3ci\u0107 uwag\u0119 ucznia na sytuacje z \u017cycia. Wspomnie\u0107, \u017ce dobrze jest umie\u0107 obliczy\u0107 procent z jakiej\u015b kwoty, \u017ceby nikt nam nie wcisn\u0105\u0142 niekorzystnego kredytu.<\/p>\n\n\n\n<p><strong>K.D.:<\/strong> Jak Pan my\u015bli, co korepetycje daj\u0105 Panu, co mog\u0105 dawa\u0107 Pana uczniowi?<\/p>\n\n\n\n<p><strong>Z.L.:<\/strong> My\u015bl\u0119, \u017ce dzi\u0119ki nim ucze\u0144 mo\u017ce nabra\u0107 odwagi, uwierzy\u0107 w siebie i w to, \u017ce mo\u017ce osi\u0105gn\u0105\u0107 sukces. Zaj\u0119cia trzeba prowadzi\u0107 w\u0142a\u015bnie tak, \u017ceby ucze\u0144 m\u00f3g\u0142 odnosi\u0107 sukcesy. Nawet najdrobniejsze, bo one dadz\u0105 mu motywacj\u0119. Bez motywacji osi\u0105gnie niewiele. Wydaje mi si\u0119 tak\u017ce, \u017ce nie wolno krytykowa\u0107. W og\u00f3le. To tylko zniech\u0119ca ucznia, nie pomaga mu. Dla mnie to odmiana od pracy zawodowej, z\u0142amanie rutyny, i tak jak m\u00f3wi\u0142em, wyzwanie.<\/p>\n\n\n\n<p><strong>K.D.:<\/strong> Czy zadaje Pan prace domowe?<\/p>\n\n\n\n<p><strong>Z.L.:<\/strong> Nigdy, nie zadaj\u0119 prac domowych ani na zaj\u0119ciach dla fundacji, ani w szkole. Nie ma to najmniejszego sensu. Dobrzy uczniowie prac domowych nie potrzebuj\u0105, bo umiej\u0105, a s\u0142absi nie poradz\u0105 sobie z nimi, wi\u0119c nie zrobi\u0105 zada\u0144 samodzielnie. Wszystko robimy razem, na lekcji.<\/p>\n\n\n\n<p><strong>K.D.:<\/strong> Jak pan wspomina w\u0142asn\u0105 edukacj\u0119?<\/p>\n\n\n\n<p><strong>Z.L.:<\/strong> Na og\u00f3\u0142 bardzo dobrze, ale pami\u0119tam jednego nauczyciela matematyki ze szko\u0142y podstawowej. Zaj\u0119cia z nim by\u0142y dla wszystkich uczni\u00f3w bardzo stresuj\u0105ce. Nie zniech\u0119ci\u0142 mnie do matematyki, ale nie zaj\u0105\u0142em si\u0119 ni\u0105 dzi\u0119ki niemu. Zawsze mia\u0142em bardzo dobre oceny i nie mia\u0142em problem\u00f3w z nauk\u0105. Teraz w zasadzie wszystko dla mnie jest \u0142atwe, nic mnie nie zaskakuje w mojej pracy i troch\u0119 szkoda, \u017ce tak jest.<\/p>\n\n\n\n<div class=\"wp-block-image\"><figure class=\"aligncenter size-full\"><img loading=\"lazy\" decoding=\"async\" width=\"200\" height=\"218\" src=\"https:\/\/www.web-korki.pl\/wp-content\/uploads\/2024\/04\/Zbigniew3.jpg\" alt=\"\" class=\"wp-image-1336\"\/><\/figure><\/div>\n\n\n\n<p><strong>K.D.:<\/strong> Rozumiem, \u017ce mimo tego, nie \u017ca\u0142uje Pan lat po\u015bwi\u0119conych na rozw\u00f3j naukowy?<\/p>\n\n\n\n<p><strong>Z.L.:<\/strong> Trzeba si\u0119 rozwija\u0107, to konieczne. Rozw\u00f3j naukowy daje wiele korzy\u015bci, ale ma te\u017c wady. Daje stabilno\u015b\u0107, jednak dla mnie ta stabilno\u015b\u0107 nie jest atrakcyjna. Lepiej, kiedy ci\u0105gle co\u015b si\u0119 dzieje, stale co\u015b si\u0119 zmienia.<\/p>\n\n\n\n<p><strong>K.D.:<\/strong> Czy to znaczy, \u017ce kiedy marzymy o \u201e\u015bwi\u0119tym spokoju\u201d, to wcale nie chcemy dla siebie dobrze?<\/p>\n\n\n\n<p><strong>Z.L.:<\/strong> Kiedy mamy \u201e\u015bwi\u0119ty spok\u00f3j\u201d, to czujemy si\u0119 du\u017co gorzej, ni\u017c gdy go nie mamy. Jedyne co wtedy mamy tak naprawd\u0119, to brak bod\u017ac\u00f3w i nuda. To nie jest zdrowe. Dobrze jest mie\u0107 kontakt z m\u0142odymi lud\u017ami. Oni zwykle s\u0105 optymistami, a pozytywne nastawienie rzadko spotyka si\u0119 w\u015br\u00f3d starszych os\u00f3b Nawet, je\u015bli ten optymizm jest troch\u0119 pozbawiony podstaw czy sensu, to on si\u0119 udziela i to bardzo du\u017co daje.<\/p>\n\n\n\n<p><strong>K.D.:<\/strong> Co robi Pan w czasie wolnym?<\/p>\n\n\n\n<p><strong>Z.L.:<\/strong> Dla r\u00f3wnowagi zwykle s\u0105 to zaj\u0119cia manualne. Zajmuje si\u0119 ogrodem, naprawiam samoch\u00f3d.<\/p>\n\n\n\n<p><strong>K.D.:<\/strong> Dzi\u0119kuj\u0119 za rozmow\u0119. My\u015bl\u0119, \u017ce Pana obserwacje i wnioski, dotycz\u0105ce zar\u00f3wno nauczania, jak i \u017cycia b\u0119d\u0105 inspiracj\u0105 i pomoc\u0105 dla wielu m\u0142odych ludzi.<\/p>\n\n\n\n<div class=\"wp-block-image\"><figure class=\"aligncenter size-full\"><img loading=\"lazy\" decoding=\"async\" width=\"720\" height=\"480\" src=\"https:\/\/www.web-korki.pl\/wp-content\/uploads\/2024\/04\/Zbigniew4.jpg\" alt=\"\" class=\"wp-image-1337\" srcset=\"https:\/\/www.web-korki.pl\/wp-content\/uploads\/2024\/04\/Zbigniew4.jpg 720w, https:\/\/www.web-korki.pl\/wp-content\/uploads\/2024\/04\/Zbigniew4-300x200.jpg 300w, https:\/\/www.web-korki.pl\/wp-content\/uploads\/2024\/04\/Zbigniew4-507x338.jpg 507w\" sizes=\"auto, (max-width: 720px) 100vw, 720px\" \/><\/figure><\/div>\n","protected":false},"excerpt":{"rendered":"<p>Pan Zbigniew Leonowicz jest profesorem zwyczajnym Wydzia\u0142u Elektroniki Uniwersytetu Wroc\u0142awskiego. Do fundacji trafi\u0142 wiedziony potrzeb\u0105 podejmowania nowych wyzwa\u0144. Profesor Zbigniew<\/p>\n<p><a href=\"https:\/\/www.web-korki.pl\/index.php\/2024\/04\/29\/zbigniew-leonowicz-profesor-z-technikum\/\" class=\"more-link\">Zobacz wi\u0119cej<span class=\"screen-reader-text\">Zbigniew Leonowicz &#8211; profesor z technikum<\/span><\/a><\/p>\n","protected":false},"author":1,"featured_media":1334,"comment_status":"closed","ping_status":"closed","sticky":false,"template":"","format":"standard","meta":{"footnotes":""},"categories":[1],"tags":[],"class_list":["post-1333","post","type-post","status-publish","format-standard","has-post-thumbnail","hentry","category-blog"],"yoast_head":"<!-- This site is optimized with the Yoast SEO plugin v17.9 - https:\/\/yoast.com\/wordpress\/plugins\/seo\/ -->\n<title>Zbigniew Leonowicz - profesor z technikum - Fundacja Web-korki<\/title>\n<meta name=\"description\" content=\"Zbigniew Leonowicz jest profesorem zwyczajnym Wydzia\u0142u Elektroniki UW. Do Fundacji trafi\u0142 wiedziony potrzeb\u0105 podejmowania nowych wyzwa\u0144.\" \/>\n<meta name=\"robots\" content=\"index, follow, max-snippet:-1, max-image-preview:large, max-video-preview:-1\" \/>\n<link rel=\"canonical\" href=\"https:\/\/www.web-korki.pl\/index.php\/2024\/04\/29\/zbigniew-leonowicz-profesor-z-technikum\/\" \/>\n<meta property=\"og:locale\" content=\"pl_PL\" \/>\n<meta property=\"og:type\" content=\"article\" \/>\n<meta property=\"og:title\" content=\"Zbigniew Leonowicz - profesor z technikum - Fundacja Web-korki\" \/>\n<meta property=\"og:description\" content=\"Zbigniew Leonowicz jest profesorem zwyczajnym Wydzia\u0142u Elektroniki UW. Do Fundacji trafi\u0142 wiedziony potrzeb\u0105 podejmowania nowych wyzwa\u0144.\" \/>\n<meta property=\"og:url\" content=\"https:\/\/www.web-korki.pl\/index.php\/2024\/04\/29\/zbigniew-leonowicz-profesor-z-technikum\/\" \/>\n<meta property=\"og:site_name\" content=\"Fundacja Web-korki\" \/>\n<meta property=\"article:published_time\" content=\"2024-04-29T21:38:39+00:00\" \/>\n<meta property=\"article:modified_time\" content=\"2025-03-09T20:28:12+00:00\" \/>\n<meta property=\"og:image\" content=\"https:\/\/www.web-korki.pl\/wp-content\/uploads\/2024\/04\/Zbigniew1.jpg\" \/>\n\t<meta property=\"og:image:width\" content=\"1126\" \/>\n\t<meta property=\"og:image:height\" content=\"2000\" \/>\n\t<meta property=\"og:image:type\" content=\"image\/jpeg\" \/>\n<meta name=\"twitter:card\" content=\"summary_large_image\" \/>\n<meta name=\"twitter:label1\" content=\"Napisane przez\" \/>\n\t<meta name=\"twitter:data1\" content=\"admin5889\" \/>\n\t<meta name=\"twitter:label2\" content=\"Szacowany czas czytania\" \/>\n\t<meta name=\"twitter:data2\" content=\"8 minut\" \/>\n<script type=\"application\/ld+json\" class=\"yoast-schema-graph\">{\"@context\":\"https:\/\/schema.org\",\"@graph\":[{\"@type\":\"WebSite\",\"@id\":\"https:\/\/www.web-korki.pl\/#website\",\"url\":\"https:\/\/www.web-korki.pl\/\",\"name\":\"Fundacja Web-korki\",\"description\":\"PODARUJMY DZIECIOM SW\\u00d3J CZAS\",\"potentialAction\":[{\"@type\":\"SearchAction\",\"target\":{\"@type\":\"EntryPoint\",\"urlTemplate\":\"https:\/\/www.web-korki.pl\/?s={search_term_string}\"},\"query-input\":\"required name=search_term_string\"}],\"inLanguage\":\"pl-PL\"},{\"@type\":\"ImageObject\",\"@id\":\"https:\/\/www.web-korki.pl\/index.php\/2024\/04\/29\/zbigniew-leonowicz-profesor-z-technikum\/#primaryimage\",\"inLanguage\":\"pl-PL\",\"url\":\"https:\/\/www.web-korki.pl\/wp-content\/uploads\/2024\/04\/Zbigniew1.jpg\",\"contentUrl\":\"https:\/\/www.web-korki.pl\/wp-content\/uploads\/2024\/04\/Zbigniew1.jpg\",\"width\":1126,\"height\":2000},{\"@type\":\"WebPage\",\"@id\":\"https:\/\/www.web-korki.pl\/index.php\/2024\/04\/29\/zbigniew-leonowicz-profesor-z-technikum\/#webpage\",\"url\":\"https:\/\/www.web-korki.pl\/index.php\/2024\/04\/29\/zbigniew-leonowicz-profesor-z-technikum\/\",\"name\":\"Zbigniew Leonowicz - profesor z technikum - Fundacja Web-korki\",\"isPartOf\":{\"@id\":\"https:\/\/www.web-korki.pl\/#website\"},\"primaryImageOfPage\":{\"@id\":\"https:\/\/www.web-korki.pl\/index.php\/2024\/04\/29\/zbigniew-leonowicz-profesor-z-technikum\/#primaryimage\"},\"datePublished\":\"2024-04-29T21:38:39+00:00\",\"dateModified\":\"2025-03-09T20:28:12+00:00\",\"author\":{\"@id\":\"https:\/\/www.web-korki.pl\/#\/schema\/person\/314c39f3493021bd94a9dceaec288b12\"},\"description\":\"Zbigniew Leonowicz jest profesorem zwyczajnym Wydzia\\u0142u Elektroniki UW. Do Fundacji trafi\\u0142 wiedziony potrzeb\\u0105 podejmowania nowych wyzwa\\u0144.\",\"breadcrumb\":{\"@id\":\"https:\/\/www.web-korki.pl\/index.php\/2024\/04\/29\/zbigniew-leonowicz-profesor-z-technikum\/#breadcrumb\"},\"inLanguage\":\"pl-PL\",\"potentialAction\":[{\"@type\":\"ReadAction\",\"target\":[\"https:\/\/www.web-korki.pl\/index.php\/2024\/04\/29\/zbigniew-leonowicz-profesor-z-technikum\/\"]}]},{\"@type\":\"BreadcrumbList\",\"@id\":\"https:\/\/www.web-korki.pl\/index.php\/2024\/04\/29\/zbigniew-leonowicz-profesor-z-technikum\/#breadcrumb\",\"itemListElement\":[{\"@type\":\"ListItem\",\"position\":1,\"name\":\"Strona g\\u0142\\u00f3wna\",\"item\":\"https:\/\/www.web-korki.pl\/\"},{\"@type\":\"ListItem\",\"position\":2,\"name\":\"Zbigniew Leonowicz &#8211; profesor z technikum\"}]},{\"@type\":\"Person\",\"@id\":\"https:\/\/www.web-korki.pl\/#\/schema\/person\/314c39f3493021bd94a9dceaec288b12\",\"name\":\"admin5889\",\"image\":{\"@type\":\"ImageObject\",\"@id\":\"https:\/\/www.web-korki.pl\/#personlogo\",\"inLanguage\":\"pl-PL\",\"url\":\"https:\/\/secure.gravatar.com\/avatar\/4b9b69db765139b70fcadd78f90d7cd4ad26130c5337cd00587efe4dfec676ee?s=96&d=mm&r=g\",\"contentUrl\":\"https:\/\/secure.gravatar.com\/avatar\/4b9b69db765139b70fcadd78f90d7cd4ad26130c5337cd00587efe4dfec676ee?s=96&d=mm&r=g\",\"caption\":\"admin5889\"},\"sameAs\":[\"http:\/\/www.web-korki.pl\"],\"url\":\"https:\/\/www.web-korki.pl\/index.php\/author\/admin5889\/\"}]}<\/script>\n<!-- \/ Yoast SEO plugin. -->","yoast_head_json":{"title":"Zbigniew Leonowicz - profesor z technikum - Fundacja Web-korki","description":"Zbigniew Leonowicz jest profesorem zwyczajnym Wydzia\u0142u Elektroniki UW. Do Fundacji trafi\u0142 wiedziony potrzeb\u0105 podejmowania nowych wyzwa\u0144.","robots":{"index":"index","follow":"follow","max-snippet":"max-snippet:-1","max-image-preview":"max-image-preview:large","max-video-preview":"max-video-preview:-1"},"canonical":"https:\/\/www.web-korki.pl\/index.php\/2024\/04\/29\/zbigniew-leonowicz-profesor-z-technikum\/","og_locale":"pl_PL","og_type":"article","og_title":"Zbigniew Leonowicz - profesor z technikum - Fundacja Web-korki","og_description":"Zbigniew Leonowicz jest profesorem zwyczajnym Wydzia\u0142u Elektroniki UW. Do Fundacji trafi\u0142 wiedziony potrzeb\u0105 podejmowania nowych wyzwa\u0144.","og_url":"https:\/\/www.web-korki.pl\/index.php\/2024\/04\/29\/zbigniew-leonowicz-profesor-z-technikum\/","og_site_name":"Fundacja Web-korki","article_published_time":"2024-04-29T21:38:39+00:00","article_modified_time":"2025-03-09T20:28:12+00:00","og_image":[{"width":1126,"height":2000,"url":"https:\/\/www.web-korki.pl\/wp-content\/uploads\/2024\/04\/Zbigniew1.jpg","type":"image\/jpeg"}],"twitter_card":"summary_large_image","twitter_misc":{"Napisane przez":"admin5889","Szacowany czas czytania":"8 minut"},"schema":{"@context":"https:\/\/schema.org","@graph":[{"@type":"WebSite","@id":"https:\/\/www.web-korki.pl\/#website","url":"https:\/\/www.web-korki.pl\/","name":"Fundacja Web-korki","description":"PODARUJMY DZIECIOM SW\u00d3J CZAS","potentialAction":[{"@type":"SearchAction","target":{"@type":"EntryPoint","urlTemplate":"https:\/\/www.web-korki.pl\/?s={search_term_string}"},"query-input":"required name=search_term_string"}],"inLanguage":"pl-PL"},{"@type":"ImageObject","@id":"https:\/\/www.web-korki.pl\/index.php\/2024\/04\/29\/zbigniew-leonowicz-profesor-z-technikum\/#primaryimage","inLanguage":"pl-PL","url":"https:\/\/www.web-korki.pl\/wp-content\/uploads\/2024\/04\/Zbigniew1.jpg","contentUrl":"https:\/\/www.web-korki.pl\/wp-content\/uploads\/2024\/04\/Zbigniew1.jpg","width":1126,"height":2000},{"@type":"WebPage","@id":"https:\/\/www.web-korki.pl\/index.php\/2024\/04\/29\/zbigniew-leonowicz-profesor-z-technikum\/#webpage","url":"https:\/\/www.web-korki.pl\/index.php\/2024\/04\/29\/zbigniew-leonowicz-profesor-z-technikum\/","name":"Zbigniew Leonowicz - profesor z technikum - Fundacja Web-korki","isPartOf":{"@id":"https:\/\/www.web-korki.pl\/#website"},"primaryImageOfPage":{"@id":"https:\/\/www.web-korki.pl\/index.php\/2024\/04\/29\/zbigniew-leonowicz-profesor-z-technikum\/#primaryimage"},"datePublished":"2024-04-29T21:38:39+00:00","dateModified":"2025-03-09T20:28:12+00:00","author":{"@id":"https:\/\/www.web-korki.pl\/#\/schema\/person\/314c39f3493021bd94a9dceaec288b12"},"description":"Zbigniew Leonowicz jest profesorem zwyczajnym Wydzia\u0142u Elektroniki UW. Do Fundacji trafi\u0142 wiedziony potrzeb\u0105 podejmowania nowych wyzwa\u0144.","breadcrumb":{"@id":"https:\/\/www.web-korki.pl\/index.php\/2024\/04\/29\/zbigniew-leonowicz-profesor-z-technikum\/#breadcrumb"},"inLanguage":"pl-PL","potentialAction":[{"@type":"ReadAction","target":["https:\/\/www.web-korki.pl\/index.php\/2024\/04\/29\/zbigniew-leonowicz-profesor-z-technikum\/"]}]},{"@type":"BreadcrumbList","@id":"https:\/\/www.web-korki.pl\/index.php\/2024\/04\/29\/zbigniew-leonowicz-profesor-z-technikum\/#breadcrumb","itemListElement":[{"@type":"ListItem","position":1,"name":"Strona g\u0142\u00f3wna","item":"https:\/\/www.web-korki.pl\/"},{"@type":"ListItem","position":2,"name":"Zbigniew Leonowicz &#8211; profesor z technikum"}]},{"@type":"Person","@id":"https:\/\/www.web-korki.pl\/#\/schema\/person\/314c39f3493021bd94a9dceaec288b12","name":"admin5889","image":{"@type":"ImageObject","@id":"https:\/\/www.web-korki.pl\/#personlogo","inLanguage":"pl-PL","url":"https:\/\/secure.gravatar.com\/avatar\/4b9b69db765139b70fcadd78f90d7cd4ad26130c5337cd00587efe4dfec676ee?s=96&d=mm&r=g","contentUrl":"https:\/\/secure.gravatar.com\/avatar\/4b9b69db765139b70fcadd78f90d7cd4ad26130c5337cd00587efe4dfec676ee?s=96&d=mm&r=g","caption":"admin5889"},"sameAs":["http:\/\/www.web-korki.pl"],"url":"https:\/\/www.web-korki.pl\/index.php\/author\/admin5889\/"}]}},"_links":{"self":[{"href":"https:\/\/www.web-korki.pl\/index.php\/wp-json\/wp\/v2\/posts\/1333","targetHints":{"allow":["GET"]}}],"collection":[{"href":"https:\/\/www.web-korki.pl\/index.php\/wp-json\/wp\/v2\/posts"}],"about":[{"href":"https:\/\/www.web-korki.pl\/index.php\/wp-json\/wp\/v2\/types\/post"}],"author":[{"embeddable":true,"href":"https:\/\/www.web-korki.pl\/index.php\/wp-json\/wp\/v2\/users\/1"}],"replies":[{"embeddable":true,"href":"https:\/\/www.web-korki.pl\/index.php\/wp-json\/wp\/v2\/comments?post=1333"}],"version-history":[{"count":2,"href":"https:\/\/www.web-korki.pl\/index.php\/wp-json\/wp\/v2\/posts\/1333\/revisions"}],"predecessor-version":[{"id":1486,"href":"https:\/\/www.web-korki.pl\/index.php\/wp-json\/wp\/v2\/posts\/1333\/revisions\/1486"}],"wp:featuredmedia":[{"embeddable":true,"href":"https:\/\/www.web-korki.pl\/index.php\/wp-json\/wp\/v2\/media\/1334"}],"wp:attachment":[{"href":"https:\/\/www.web-korki.pl\/index.php\/wp-json\/wp\/v2\/media?parent=1333"}],"wp:term":[{"taxonomy":"category","embeddable":true,"href":"https:\/\/www.web-korki.pl\/index.php\/wp-json\/wp\/v2\/categories?post=1333"},{"taxonomy":"post_tag","embeddable":true,"href":"https:\/\/www.web-korki.pl\/index.php\/wp-json\/wp\/v2\/tags?post=1333"}],"curies":[{"name":"wp","href":"https:\/\/api.w.org\/{rel}","templated":true}]}}