{"id":1440,"date":"2024-12-13T22:50:50","date_gmt":"2024-12-13T22:50:50","guid":{"rendered":"https:\/\/www.web-korki.pl\/?p=1440"},"modified":"2025-03-09T21:44:33","modified_gmt":"2025-03-09T21:44:33","slug":"zloty-olimpijczyk-szymon-jackowski","status":"publish","type":"post","link":"https:\/\/www.web-korki.pl\/index.php\/2024\/12\/13\/zloty-olimpijczyk-szymon-jackowski\/","title":{"rendered":"Z\u0142oty Olimpijczyk &#8211; Szymon Jackowski"},"content":{"rendered":"\n<p><strong>\u201cMy\u015bl\u0119, \u017ce nie nale\u017cy nigdy skupia\u0107 si\u0119 na pora\u017cce, lecz na tym, co z niej mo\u017cemy wynie\u015b\u0107\u201d &#8211; to s\u0142owa Szymona Jackowskiego, kt\u00f3ry we wrze\u015bniu tego roku zdoby\u0142 z\u0142oty medal w Mi\u0119dzynarodowej Olimpiadzie Ekonomicznej.&nbsp; W rozmowie opowiedzia\u0142 nam o swoim sukcesie, oraz o innych inicjatywach, w kt\u00f3rych aktywnie uczestniczy. Zapraszam do lektury!<\/strong><\/p>\n\n\n\n<div class=\"wp-block-image\"><figure class=\"aligncenter size-full\"><img loading=\"lazy\" decoding=\"async\" width=\"800\" height=\"600\" src=\"https:\/\/www.web-korki.pl\/wp-content\/uploads\/2024\/12\/Szymon-1.png\" alt=\"\" class=\"wp-image-1441\" srcset=\"https:\/\/www.web-korki.pl\/wp-content\/uploads\/2024\/12\/Szymon-1.png 800w, https:\/\/www.web-korki.pl\/wp-content\/uploads\/2024\/12\/Szymon-1-300x225.png 300w, https:\/\/www.web-korki.pl\/wp-content\/uploads\/2024\/12\/Szymon-1-768x576.png 768w, https:\/\/www.web-korki.pl\/wp-content\/uploads\/2024\/12\/Szymon-1-440x330.png 440w\" sizes=\"auto, (max-width: 800px) 100vw, 800px\" \/><\/figure><\/div>\n\n\n\n<p><strong>Cze\u015b\u0107. Prosz\u0119, opowiedz o sobie naszym czytelnikom.<\/strong><\/p>\n\n\n\n<p>Ucz\u0119 si\u0119 w klasie maturalnej w liceum Staszica w Warszawie. Jestem na profilu &#8222;matex&#8221;, czyli matematyki eksperymentalnej. To taki specjalny profil w naszej szkole, gdzie matematyka jest nauczana na akademickim poziomie. Zawsze ci\u0105gn\u0119\u0142o mnie do przedmiot\u00f3w \u015bcis\u0142ych, a pod koniec podstaw\u00f3wki zacz\u0105\u0142em interesowa\u0107 si\u0119 ekonomi\u0105. Do Web-Kork\u00f3w do\u0142\u0105czy\u0142em, gdy by\u0142em w drugiej klasie liceum.<\/p>\n\n\n\n<p><strong>Dlaczego zacz\u0105\u0142e\u015b interesowa\u0107 si\u0119 ekonomi\u0105? Wydaje si\u0119, \u017ce to nie jest interesuj\u0105cy temat dla m\u0142odego cz\u0142owieka.<\/strong><\/p>\n\n\n\n<p>S\u0142ysza\u0142em o inflacji, cenach mieszka\u0144 i po prostu by\u0142em ciekaw, sk\u0105d to si\u0119 bierze. Pod koniec podstaw\u00f3wki si\u0119gn\u0105\u0142em po najbardziej przyst\u0119pne podr\u0119czniki ekonomiczne, czyli dwie ksi\u0105\u017cki o mikro- i makroekonomii autorstwa Mankiwa. Gdy zacz\u0105\u0142em nauk\u0119 w liceum Staszica, do\u0142\u0105czy\u0142em do naukowego ko\u0142a ekonomicznego.<\/p>\n\n\n\n<p><strong>O nich zaraz porozmawiamy, ale chyba bra\u0142e\u015b te\u017c udzia\u0142 nie tylko w olimpiadach ekonomicznych, z tego co wiem.<\/strong><\/p>\n\n\n\n<p>Tak, bra\u0142em udzia\u0142 w olimpiadach ekonomicznych, przedsi\u0119biorczo\u015bci, informatycznej i rolniczej.<\/p>\n\n\n\n<p><strong>Masz spore do\u015bwiadczenie z olimpiadami. Musia\u0142e\u015b w\u0142o\u017cy\u0107 w to du\u017co czasu i pracy. Warto by\u0142o?<\/strong><\/p>\n\n\n\n<p>Udzia\u0142 w olimpiadach to zdecydowanie do\u015bwiadczenie, kt\u00f3re warto podj\u0105\u0107. Je\u015bli kto\u015b pasjonuje si\u0119 dan\u0105 dziedzin\u0105, olimpiady stanowi\u0105 doskona\u0142\u0105 okazj\u0119 do pog\u0142\u0119biania wiedzy, rozwijania umiej\u0119tno\u015bci oraz sprawdzenia si\u0119 w wymagaj\u0105cym \u015brodowisku. Opr\u00f3cz osobistej satysfakcji, uczestnictwo niesie za sob\u0105 r\u00f3wnie\u017c wymierne korzy\u015bci, na przyk\u0142ad: finali\u015bci olimpiad przedmiotowych cz\u0119sto maj\u0105 mo\u017cliwo\u015b\u0107 otrzymania indeksu na presti\u017cowe uczelnie lub ubiegania si\u0119 o stypendia. To nie tylko inwestycja w wiedz\u0119, ale r\u00f3wnie\u017c w przysz\u0142e mo\u017cliwo\u015bci edukacyjne i zawodowe.<\/p>\n\n\n\n<p><strong>Jak wygl\u0105da taka olimpiada?<\/strong><\/p>\n\n\n\n<p>Opowiem na przyk\u0142adzie olimpiady z ekonomii w Polsce. Sk\u0142ada si\u0119 z trzech etap\u00f3w. Pierwszy odbywa si\u0119 w szko\u0142ach i obejmuje test teoretyczny, zadania analityczno-obliczeniowe oraz esej na zadany temat. Drugi etap to eliminacje regionalne w komitetach okr\u0119gowych, a trzeci \u2013 fina\u0142 krajowy, kt\u00f3ry sk\u0142ada si\u0119 z cz\u0119\u015bci pisemnej i ustnej. Najlepsza pi\u0105tka z fina\u0142u reprezentuje Polsk\u0119 na Olimpiadzie Mi\u0119dzynarodowej.<\/p>\n\n\n\n<p><strong>Trudno jest osi\u0105gn\u0105\u0107 dobry wynik w takiej olimpiadzie?<\/strong><\/p>\n\n\n\n<p>Osi\u0105gni\u0119cie dobrego wyniku w olimpiadzie to wyzwanie, kt\u00f3re wymaga konsekwencji, zaanga\u017cowania i solidnych przygotowa\u0144. Warto jednak zauwa\u017cy\u0107, \u017ce \u201edobry wynik\u201d mo\u017ce mie\u0107 r\u00f3\u017cne znaczenia w zale\u017cno\u015bci od indywidualnych cel\u00f3w. Uzyskanie tytu\u0142u finalisty to ju\u017c ogromny sukces, kt\u00f3ry otwiera wiele drzwi \u2013 na przyk\u0142ad mo\u017cliwo\u015b\u0107 podj\u0119cia studi\u00f3w na renomowanych uczelniach. Jednak znalezienie si\u0119 w czo\u0142\u00f3wce, czy zdobycie z\u0142otego medalu, wymaga wyj\u0105tkowej determinacji, szerokiej wiedzy i wytrwa\u0142o\u015bci w nauce. Nierzadko konieczne jest kilka podej\u015b\u0107, aby si\u0119 w tej topce znale\u017a\u0107.<\/p>\n\n\n\n<p><strong>Jak si\u0119 przygotowujesz do takiej olimpiady? Sk\u0105d wiesz jaki materia\u0142 sobie przerobi\u0107?<\/strong><\/p>\n\n\n\n<p>Konkursy cz\u0119sto maj\u0105 na swojej stronie spis zalecanej literatury, wi\u0119c zaczynam od tego. P\u00f3\u017aniej szukam innych \u017ar\u00f3de\u0142 rozwijaj\u0105cych dan\u0105 tematyk\u0119.<\/p>\n\n\n\n<p><strong>Niedawno zosta\u0142e\u015b z\u0142otym medalist\u0105 Mi\u0119dzynarodowej Olimpiady Ekonomicznej (International Economics Olympiad).<\/strong><\/p>\n\n\n\n<p>Tak, olimpiada odby\u0142a si\u0119 w Olimpii i by\u0142a \u015bwietn\u0105 okazj\u0105 do poznania ludzi z ca\u0142ego \u015bwiata. Sk\u0142ada\u0142a si\u0119 z trzech etap\u00f3w. W pierwszym mieli\u015bmy dziewi\u0119\u0107 zada\u0144 analityczno-obliczeniowych do rozwi\u0105zania i uzasadnienia. W drugim etapie by\u0142 test z 45 pytaniami dotycz\u0105cymi teorii ekonomii. Na ko\u0144cu, dla pierwszej dziesi\u0105tki, odby\u0142a si\u0119 dogrywka w formie egzaminu ustnego.<\/p>\n\n\n\n<p><strong>Podejrzewam, \u017ce swoj\u0105 przysz\u0142o\u015b\u0107 chcesz zwi\u0105za\u0107 z ekonomi\u0105.<\/strong><\/p>\n\n\n\n<p>Tak, zamierzam rozwija\u0107 swoj\u0105 przysz\u0142o\u015b\u0107 w dziedzinie ekonomii, kontynuuj\u0105c edukacj\u0119 na jednym z czo\u0142owych uniwersytet\u00f3w w Stanach Zjednoczonych. Moimi g\u0142\u00f3wnymi wyborami s\u0105 Uniwersytet w Pensylwanii, Harvard oraz MIT, kt\u00f3re oferuj\u0105 wyj\u0105tkowe mo\u017cliwo\u015bci nauki i rozwoju w tej dziedzinie.<\/p>\n\n\n\n<p><strong>Super, \u017ce masz taki plan! A masz ju\u017c jaki\u015b pomys\u0142 co potem? Czym chcia\u0142by\u015b zaj\u0105\u0107 si\u0119 zawodowo?<\/strong><\/p>\n\n\n\n<p>D\u0142ugoterminowo, w perspektywie 15\u201320 lat, chcia\u0142bym by\u0107 zaanga\u017cowany w rozw\u00f3j \u015bwiatowego systemu ekonomicznego. Interesuje mnie praca w instytucjach takich jak Bank \u015awiatowy czy Mi\u0119dzynarodowy Fundusz Walutowy, kt\u00f3re wspieraj\u0105 rozw\u00f3j ekonomiczny, zw\u0142aszcza w pa\u0144stwach rozwijaj\u0105cych si\u0119 oraz dbaj\u0105 o stabilno\u015b\u0107 globalnego systemu gospodarczego.<\/p>\n\n\n\n<p><strong>Udzielasz si\u0119 w r\u00f3\u017cnych inicjatywach. Mo\u017cesz o tym opowiedzie\u0107?<\/strong><\/p>\n\n\n\n<p>Tak, wsp\u00f3\u0142pracowa\u0142em z fundacj\u0105 Na Nowo, kt\u00f3ra zajmuje si\u0119 kryzysem bezdomno\u015bci w Polsce. Tam zajmowa\u0142em si\u0119 sprawami administracyjnymi i ksi\u0119gowymi. Regularnie organizuj\u0119 te\u017c spotkania networkingowe Warsaw Startup Club. S\u0105 to mini-konferencje z panelami tematycznymi skierowanymi do polskiego \u015brodowiska startupowego. W ramach projektu Econverse organizujemy hackathony startupowe dla m\u0142odych ludzi. Przydzielamy ich do zespo\u0142\u00f3w, dobieraj\u0105c osoby pod k\u0105tem ich osobowo\u015bci. Ka\u017cdy zesp\u00f3\u0142 dostaje mentora i ma kilka tygodni na opracowanie koncepcji startupu \u2013 od analizy rynku, przez stworzenie planu wej\u015bcia na rynek, a\u017c po przygotowanie pitch decku, czyli prezentacji projektu. Ko\u0144czy si\u0119 to fina\u0142owym wydarzeniem, podczas kt\u00f3rego uczestnicy maj\u0105 warsztaty z prezentowania projekt\u00f3w, dopracowuj\u0105 swoje pomys\u0142y, a nast\u0119pnie przedstawiaj\u0105 je przed jury sk\u0142adaj\u0105cym si\u0119 z ekspert\u00f3w ze \u015bwiata biznesu. Najlepsze zespo\u0142y otrzymaj\u0105 nagrody i wsparcie w ramach program\u00f3w inkubacyjnych, kt\u00f3re pomagaj\u0105 rozwija\u0107 ich projekty.<\/p>\n\n\n\n<p><strong>Robisz co\u015b tylko dla rozrywki? \u017beby si\u0119 zrelaksowa\u0107?<\/strong><\/p>\n\n\n\n<p>Lubi\u0119 gra\u0107 w pi\u0142k\u0119 no\u017cn\u0105, a tak\u017ce wios\u0142owa\u0107, to jest co\u015b, co mi tak troch\u0119 czy\u015bci g\u0142ow\u0119.<\/p>\n\n\n\n<p><strong>Pami\u0119tasz jak trafi\u0142e\u015b do Web-Kork\u00f3w?<\/strong><\/p>\n\n\n\n<p>Wielu ludzi uznaje chodzenie do szko\u0142y i to, \u017ce w razie problem\u00f3w z nauk\u0105 mog\u0105 liczy\u0107 na pomoc, za co\u015b oczywistego. Ja natomiast uwa\u017cam, \u017ce to jest przywilej i nie ka\u017cdy ma takie mo\u017cliwo\u015bci. Jednocze\u015bnie mia\u0142em poczucie, \u017ce potrafi\u0119 komu\u015b pom\u00f3c z matematyki, na przyk\u0142ad koledze z klasy. Kiedy wi\u0119c trafi\u0142em na post o rekrutacji do Web-Kork\u00f3w, wys\u0142a\u0142em swoje zg\u0142oszenie. Potem odby\u0142em rozmow\u0119 rekrutacyjn\u0105 i zosta\u0142em przyj\u0119ty.<\/p>\n\n\n\n<p><strong>Jeste\u015b ju\u017c z nami ponad 2 lata, widzisz jak si\u0119 rozwijaj\u0105 Web-Korki. Masz jakie\u015b przemy\u015blenia na temat funkcjonowania Web-Kork\u00f3w?<\/strong><\/p>\n\n\n\n<p>Uwa\u017cam, \u017ce robimy co\u015b naprawd\u0119 pi\u0119knego, bo Web-Korki to inicjatywa, kt\u00f3ra realnie pomaga dzieciom i m\u0142odzie\u017cy w nauce, a to przecie\u017c kluczowe dla ich przysz\u0142o\u015bci. Ciesz\u0119 si\u0119, \u017ce mog\u0119 by\u0107 cz\u0119\u015bci\u0105 tego projektu, bo wiem, jak wielkie znaczenie ma to, co robimy. Je\u015bli chodzi o organizacj\u0119, to naprawd\u0119 wszystko dzia\u0142a \u015bwietnie, zw\u0142aszcza je\u015bli chodzi o zast\u0119pstwa. Pami\u0119tam, \u017ce kiedy\u015b nie mog\u0142em poprowadzi\u0107 zaj\u0119\u0107 z moim uczniem, ale zesp\u00f3\u0142 zajmuj\u0105cy si\u0119 zast\u0119pstwami w godzin\u0119 znalaz\u0142 kogo\u015b, kto je przeprowadzi\u0142.<\/p>\n\n\n\n<p><strong>Uczysz matematyki w Web-Korkach. Jak organizujesz lekcj\u0119, z jakich materia\u0142\u00f3w korzystasz, masz jakie\u015b patenty?<\/strong><\/p>\n\n\n\n<p>W pracy z uczniami staram si\u0119 przede wszystkim budowa\u0107 ich pewno\u015b\u0107 siebie. Cz\u0119sto problemem nie jest brak wiedzy, czy umiej\u0119tno\u015bci, lecz brak wiary we w\u0142asne mo\u017cliwo\u015bci. Kiedy ucze\u0144 m\u00f3wi: &#8222;Nie potrafi\u0119 tego zrobi\u0107.&#8221;, zaczynam od bardzo prostych zada\u0144, kt\u00f3re pomagaj\u0105 mu poczu\u0107 si\u0119 pewniej. Je\u015bli nie uda si\u0119 rozwi\u0105za\u0107 tego zadania, szukamy jeszcze prostszego, a\u017c w ko\u0144cu uda mu si\u0119 wykona\u0107 je samodzielnie. Z czasem przechodzimy do coraz trudniejszych zada\u0144. To pomaga uczniowi uwierzy\u0107, \u017ce rzeczywi\u015bcie mo\u017ce to zrobi\u0107 i stopniowo przeskakuje do trudniejszych problem\u00f3w.<\/p>\n\n\n\n<p><strong>Na koniec masz mo\u017ce jak\u0105\u015b my\u015bl, kt\u00f3r\u0105 chcia\u0142by\u015b si\u0119 podzieli\u0107 ze \u015bwiatem, a przynajmniej z naszymi czytelnikami?<\/strong><\/p>\n\n\n\n<p>My\u015bl\u0119, \u017ce nie nale\u017cy nigdy skupia\u0107 si\u0119 na pora\u017cce, lecz na tym, co z niej mo\u017cemy wynie\u015b\u0107. Moje do\u015bwiadczenie z Olimpiad\u0105 Ekonomiczn\u0105, gdzie przez kilka lat nie osi\u0105ga\u0142em wynik\u00f3w, kt\u00f3re by mnie satysfakcjonowa\u0142y, nauczy\u0142o mnie, \u017ce pora\u017cka to nie koniec, a raczej okazja do nauki. Za ka\u017cdym razem, kiedy nie uda\u0142o mi si\u0119 zdoby\u0107 upragnionego miejsca, zastanawia\u0142em si\u0119, co mog\u0119 z tego wyci\u0105gn\u0105\u0107, co musz\u0119 poprawi\u0107 i jak przygotowa\u0107 si\u0119 lepiej na przysz\u0142o\u015b\u0107. Kluczowe jest to, by nie poddawa\u0107 si\u0119, tylko spojrze\u0107 na pora\u017ck\u0119 z perspektywy rozwoju i tego, jak wykorzysta\u0107 do\u015bwiadczenie do osi\u0105gni\u0119cia lepszych wynik\u00f3w nast\u0119pnym razem.<\/p>\n\n\n\n<p><strong>Dzi\u0119kuj\u0119 Ci bardzo za to i za ca\u0142\u0105 rozmow\u0119, to by\u0142a dla mnie przyjemno\u015b\u0107.<\/strong><\/p>\n\n\n\n<p>Dzi\u0119kuj\u0119.<\/p>\n\n\n\n<p><strong><br><br><\/strong><\/p>\n","protected":false},"excerpt":{"rendered":"<p>\u201cMy\u015bl\u0119, \u017ce nie nale\u017cy nigdy skupia\u0107 si\u0119 na pora\u017cce, lecz na tym, co z niej mo\u017cemy wynie\u015b\u0107\u201d &#8211; to s\u0142owa<\/p>\n<p><a href=\"https:\/\/www.web-korki.pl\/index.php\/2024\/12\/13\/zloty-olimpijczyk-szymon-jackowski\/\" class=\"more-link\">Zobacz wi\u0119cej<span class=\"screen-reader-text\">Z\u0142oty Olimpijczyk &#8211; Szymon Jackowski<\/span><\/a><\/p>\n","protected":false},"author":1,"featured_media":1441,"comment_status":"closed","ping_status":"closed","sticky":false,"template":"","format":"standard","meta":{"footnotes":""},"categories":[1],"tags":[],"class_list":["post-1440","post","type-post","status-publish","format-standard","has-post-thumbnail","hentry","category-blog"],"yoast_head":"<!-- This site is optimized with the Yoast SEO plugin v17.9 - https:\/\/yoast.com\/wordpress\/plugins\/seo\/ -->\n<title>Z\u0142oty Olimpijczyk - Szymon Jackowski - Fundacja Web-korki<\/title>\n<meta name=\"robots\" content=\"index, follow, max-snippet:-1, max-image-preview:large, max-video-preview:-1\" \/>\n<link rel=\"canonical\" href=\"https:\/\/www.web-korki.pl\/index.php\/2024\/12\/13\/zloty-olimpijczyk-szymon-jackowski\/\" \/>\n<meta property=\"og:locale\" content=\"pl_PL\" \/>\n<meta property=\"og:type\" content=\"article\" \/>\n<meta property=\"og:title\" content=\"Z\u0142oty Olimpijczyk - Szymon Jackowski - Fundacja Web-korki\" \/>\n<meta property=\"og:description\" content=\"\u201cMy\u015bl\u0119, \u017ce nie nale\u017cy nigdy skupia\u0107 si\u0119 na pora\u017cce, lecz na tym, co z niej mo\u017cemy wynie\u015b\u0107\u201d &#8211; to s\u0142owaZobacz wi\u0119cejZ\u0142oty Olimpijczyk &#8211; Szymon Jackowski\" \/>\n<meta property=\"og:url\" content=\"https:\/\/www.web-korki.pl\/index.php\/2024\/12\/13\/zloty-olimpijczyk-szymon-jackowski\/\" \/>\n<meta property=\"og:site_name\" content=\"Fundacja Web-korki\" \/>\n<meta property=\"article:published_time\" content=\"2024-12-13T22:50:50+00:00\" \/>\n<meta property=\"article:modified_time\" content=\"2025-03-09T21:44:33+00:00\" \/>\n<meta property=\"og:image\" content=\"https:\/\/www.web-korki.pl\/wp-content\/uploads\/2024\/12\/Szymon-1.png\" \/>\n\t<meta property=\"og:image:width\" content=\"800\" \/>\n\t<meta property=\"og:image:height\" content=\"600\" \/>\n\t<meta property=\"og:image:type\" content=\"image\/png\" \/>\n<meta name=\"twitter:card\" content=\"summary_large_image\" \/>\n<meta name=\"twitter:label1\" content=\"Napisane przez\" \/>\n\t<meta name=\"twitter:data1\" content=\"admin5889\" \/>\n\t<meta name=\"twitter:label2\" content=\"Szacowany czas czytania\" \/>\n\t<meta name=\"twitter:data2\" content=\"8 minut\" \/>\n<script type=\"application\/ld+json\" class=\"yoast-schema-graph\">{\"@context\":\"https:\/\/schema.org\",\"@graph\":[{\"@type\":\"WebSite\",\"@id\":\"https:\/\/www.web-korki.pl\/#website\",\"url\":\"https:\/\/www.web-korki.pl\/\",\"name\":\"Fundacja Web-korki\",\"description\":\"PODARUJMY DZIECIOM SW\\u00d3J CZAS\",\"potentialAction\":[{\"@type\":\"SearchAction\",\"target\":{\"@type\":\"EntryPoint\",\"urlTemplate\":\"https:\/\/www.web-korki.pl\/?s={search_term_string}\"},\"query-input\":\"required name=search_term_string\"}],\"inLanguage\":\"pl-PL\"},{\"@type\":\"ImageObject\",\"@id\":\"https:\/\/www.web-korki.pl\/index.php\/2024\/12\/13\/zloty-olimpijczyk-szymon-jackowski\/#primaryimage\",\"inLanguage\":\"pl-PL\",\"url\":\"https:\/\/www.web-korki.pl\/wp-content\/uploads\/2024\/12\/Szymon-1.png\",\"contentUrl\":\"https:\/\/www.web-korki.pl\/wp-content\/uploads\/2024\/12\/Szymon-1.png\",\"width\":800,\"height\":600},{\"@type\":\"WebPage\",\"@id\":\"https:\/\/www.web-korki.pl\/index.php\/2024\/12\/13\/zloty-olimpijczyk-szymon-jackowski\/#webpage\",\"url\":\"https:\/\/www.web-korki.pl\/index.php\/2024\/12\/13\/zloty-olimpijczyk-szymon-jackowski\/\",\"name\":\"Z\\u0142oty Olimpijczyk - Szymon Jackowski - Fundacja Web-korki\",\"isPartOf\":{\"@id\":\"https:\/\/www.web-korki.pl\/#website\"},\"primaryImageOfPage\":{\"@id\":\"https:\/\/www.web-korki.pl\/index.php\/2024\/12\/13\/zloty-olimpijczyk-szymon-jackowski\/#primaryimage\"},\"datePublished\":\"2024-12-13T22:50:50+00:00\",\"dateModified\":\"2025-03-09T21:44:33+00:00\",\"author\":{\"@id\":\"https:\/\/www.web-korki.pl\/#\/schema\/person\/314c39f3493021bd94a9dceaec288b12\"},\"breadcrumb\":{\"@id\":\"https:\/\/www.web-korki.pl\/index.php\/2024\/12\/13\/zloty-olimpijczyk-szymon-jackowski\/#breadcrumb\"},\"inLanguage\":\"pl-PL\",\"potentialAction\":[{\"@type\":\"ReadAction\",\"target\":[\"https:\/\/www.web-korki.pl\/index.php\/2024\/12\/13\/zloty-olimpijczyk-szymon-jackowski\/\"]}]},{\"@type\":\"BreadcrumbList\",\"@id\":\"https:\/\/www.web-korki.pl\/index.php\/2024\/12\/13\/zloty-olimpijczyk-szymon-jackowski\/#breadcrumb\",\"itemListElement\":[{\"@type\":\"ListItem\",\"position\":1,\"name\":\"Strona g\\u0142\\u00f3wna\",\"item\":\"https:\/\/www.web-korki.pl\/\"},{\"@type\":\"ListItem\",\"position\":2,\"name\":\"Z\\u0142oty Olimpijczyk &#8211; Szymon Jackowski\"}]},{\"@type\":\"Person\",\"@id\":\"https:\/\/www.web-korki.pl\/#\/schema\/person\/314c39f3493021bd94a9dceaec288b12\",\"name\":\"admin5889\",\"image\":{\"@type\":\"ImageObject\",\"@id\":\"https:\/\/www.web-korki.pl\/#personlogo\",\"inLanguage\":\"pl-PL\",\"url\":\"https:\/\/secure.gravatar.com\/avatar\/4b9b69db765139b70fcadd78f90d7cd4ad26130c5337cd00587efe4dfec676ee?s=96&d=mm&r=g\",\"contentUrl\":\"https:\/\/secure.gravatar.com\/avatar\/4b9b69db765139b70fcadd78f90d7cd4ad26130c5337cd00587efe4dfec676ee?s=96&d=mm&r=g\",\"caption\":\"admin5889\"},\"sameAs\":[\"http:\/\/www.web-korki.pl\"],\"url\":\"https:\/\/www.web-korki.pl\/index.php\/author\/admin5889\/\"}]}<\/script>\n<!-- \/ Yoast SEO plugin. -->","yoast_head_json":{"title":"Z\u0142oty Olimpijczyk - Szymon Jackowski - Fundacja Web-korki","robots":{"index":"index","follow":"follow","max-snippet":"max-snippet:-1","max-image-preview":"max-image-preview:large","max-video-preview":"max-video-preview:-1"},"canonical":"https:\/\/www.web-korki.pl\/index.php\/2024\/12\/13\/zloty-olimpijczyk-szymon-jackowski\/","og_locale":"pl_PL","og_type":"article","og_title":"Z\u0142oty Olimpijczyk - Szymon Jackowski - Fundacja Web-korki","og_description":"\u201cMy\u015bl\u0119, \u017ce nie nale\u017cy nigdy skupia\u0107 si\u0119 na pora\u017cce, lecz na tym, co z niej mo\u017cemy wynie\u015b\u0107\u201d &#8211; to s\u0142owaZobacz wi\u0119cejZ\u0142oty Olimpijczyk &#8211; Szymon Jackowski","og_url":"https:\/\/www.web-korki.pl\/index.php\/2024\/12\/13\/zloty-olimpijczyk-szymon-jackowski\/","og_site_name":"Fundacja Web-korki","article_published_time":"2024-12-13T22:50:50+00:00","article_modified_time":"2025-03-09T21:44:33+00:00","og_image":[{"width":800,"height":600,"url":"https:\/\/www.web-korki.pl\/wp-content\/uploads\/2024\/12\/Szymon-1.png","type":"image\/png"}],"twitter_card":"summary_large_image","twitter_misc":{"Napisane przez":"admin5889","Szacowany czas czytania":"8 minut"},"schema":{"@context":"https:\/\/schema.org","@graph":[{"@type":"WebSite","@id":"https:\/\/www.web-korki.pl\/#website","url":"https:\/\/www.web-korki.pl\/","name":"Fundacja Web-korki","description":"PODARUJMY DZIECIOM SW\u00d3J CZAS","potentialAction":[{"@type":"SearchAction","target":{"@type":"EntryPoint","urlTemplate":"https:\/\/www.web-korki.pl\/?s={search_term_string}"},"query-input":"required name=search_term_string"}],"inLanguage":"pl-PL"},{"@type":"ImageObject","@id":"https:\/\/www.web-korki.pl\/index.php\/2024\/12\/13\/zloty-olimpijczyk-szymon-jackowski\/#primaryimage","inLanguage":"pl-PL","url":"https:\/\/www.web-korki.pl\/wp-content\/uploads\/2024\/12\/Szymon-1.png","contentUrl":"https:\/\/www.web-korki.pl\/wp-content\/uploads\/2024\/12\/Szymon-1.png","width":800,"height":600},{"@type":"WebPage","@id":"https:\/\/www.web-korki.pl\/index.php\/2024\/12\/13\/zloty-olimpijczyk-szymon-jackowski\/#webpage","url":"https:\/\/www.web-korki.pl\/index.php\/2024\/12\/13\/zloty-olimpijczyk-szymon-jackowski\/","name":"Z\u0142oty Olimpijczyk - Szymon Jackowski - Fundacja Web-korki","isPartOf":{"@id":"https:\/\/www.web-korki.pl\/#website"},"primaryImageOfPage":{"@id":"https:\/\/www.web-korki.pl\/index.php\/2024\/12\/13\/zloty-olimpijczyk-szymon-jackowski\/#primaryimage"},"datePublished":"2024-12-13T22:50:50+00:00","dateModified":"2025-03-09T21:44:33+00:00","author":{"@id":"https:\/\/www.web-korki.pl\/#\/schema\/person\/314c39f3493021bd94a9dceaec288b12"},"breadcrumb":{"@id":"https:\/\/www.web-korki.pl\/index.php\/2024\/12\/13\/zloty-olimpijczyk-szymon-jackowski\/#breadcrumb"},"inLanguage":"pl-PL","potentialAction":[{"@type":"ReadAction","target":["https:\/\/www.web-korki.pl\/index.php\/2024\/12\/13\/zloty-olimpijczyk-szymon-jackowski\/"]}]},{"@type":"BreadcrumbList","@id":"https:\/\/www.web-korki.pl\/index.php\/2024\/12\/13\/zloty-olimpijczyk-szymon-jackowski\/#breadcrumb","itemListElement":[{"@type":"ListItem","position":1,"name":"Strona g\u0142\u00f3wna","item":"https:\/\/www.web-korki.pl\/"},{"@type":"ListItem","position":2,"name":"Z\u0142oty Olimpijczyk &#8211; Szymon Jackowski"}]},{"@type":"Person","@id":"https:\/\/www.web-korki.pl\/#\/schema\/person\/314c39f3493021bd94a9dceaec288b12","name":"admin5889","image":{"@type":"ImageObject","@id":"https:\/\/www.web-korki.pl\/#personlogo","inLanguage":"pl-PL","url":"https:\/\/secure.gravatar.com\/avatar\/4b9b69db765139b70fcadd78f90d7cd4ad26130c5337cd00587efe4dfec676ee?s=96&d=mm&r=g","contentUrl":"https:\/\/secure.gravatar.com\/avatar\/4b9b69db765139b70fcadd78f90d7cd4ad26130c5337cd00587efe4dfec676ee?s=96&d=mm&r=g","caption":"admin5889"},"sameAs":["http:\/\/www.web-korki.pl"],"url":"https:\/\/www.web-korki.pl\/index.php\/author\/admin5889\/"}]}},"_links":{"self":[{"href":"https:\/\/www.web-korki.pl\/index.php\/wp-json\/wp\/v2\/posts\/1440","targetHints":{"allow":["GET"]}}],"collection":[{"href":"https:\/\/www.web-korki.pl\/index.php\/wp-json\/wp\/v2\/posts"}],"about":[{"href":"https:\/\/www.web-korki.pl\/index.php\/wp-json\/wp\/v2\/types\/post"}],"author":[{"embeddable":true,"href":"https:\/\/www.web-korki.pl\/index.php\/wp-json\/wp\/v2\/users\/1"}],"replies":[{"embeddable":true,"href":"https:\/\/www.web-korki.pl\/index.php\/wp-json\/wp\/v2\/comments?post=1440"}],"version-history":[{"count":6,"href":"https:\/\/www.web-korki.pl\/index.php\/wp-json\/wp\/v2\/posts\/1440\/revisions"}],"predecessor-version":[{"id":1495,"href":"https:\/\/www.web-korki.pl\/index.php\/wp-json\/wp\/v2\/posts\/1440\/revisions\/1495"}],"wp:featuredmedia":[{"embeddable":true,"href":"https:\/\/www.web-korki.pl\/index.php\/wp-json\/wp\/v2\/media\/1441"}],"wp:attachment":[{"href":"https:\/\/www.web-korki.pl\/index.php\/wp-json\/wp\/v2\/media?parent=1440"}],"wp:term":[{"taxonomy":"category","embeddable":true,"href":"https:\/\/www.web-korki.pl\/index.php\/wp-json\/wp\/v2\/categories?post=1440"},{"taxonomy":"post_tag","embeddable":true,"href":"https:\/\/www.web-korki.pl\/index.php\/wp-json\/wp\/v2\/tags?post=1440"}],"curies":[{"name":"wp","href":"https:\/\/api.w.org\/{rel}","templated":true}]}}