{"id":1726,"date":"2025-08-17T11:32:04","date_gmt":"2025-08-17T11:32:04","guid":{"rendered":"https:\/\/www.web-korki.pl\/?p=1726"},"modified":"2025-08-19T19:56:55","modified_gmt":"2025-08-19T19:56:55","slug":"patrycja-i-jej-droga-do-eldorado","status":"publish","type":"post","link":"https:\/\/www.web-korki.pl\/index.php\/2025\/08\/17\/patrycja-i-jej-droga-do-eldorado\/","title":{"rendered":"Patrycja i jej droga do Eldorado"},"content":{"rendered":"\n<p><strong>Dlaczego do\u0142\u0105czenie do Web-Kork\u00f3w by\u0142o dla Ciebie interesuj\u0105ce<\/strong>?<\/p>\n\n\n\n<p>Inicjatywa by\u0142a dla mnie interesuj\u0105ca dlatego, \u017ce pomagamy dzieciom, kt\u00f3re maj\u0105 trudniej w \u017cyciu. Poczu\u0142am, \u017ce s\u0105 te dzieci szczeg\u00f3lnie samotne. Zacz\u0119\u0142am wyobra\u017ca\u0107 sobie jak to jest by\u0107 sam\u0105 tak\u0105 ma\u0142\u0105 i m\u0142od\u0105 istot\u0105. Zastanawia\u0142am si\u0119 jakie jest to uczucie, poniewa\u017c mam bardzo du\u017c\u0105 rodzin\u0119, zawsze kto\u015b by\u0142 ze mn\u0105, rodzice czy rodze\u0144stwo.<\/p>\n\n\n<div class=\"wp-block-image\">\n<figure class=\"aligncenter size-large is-resized\"><img loading=\"lazy\" decoding=\"async\" width=\"576\" height=\"1024\" src=\"https:\/\/www.web-korki.pl\/wp-content\/uploads\/2025\/08\/Patrycja1-576x1024.jpg\" alt=\"\" class=\"wp-image-1740\" style=\"width:auto;height:450px\" srcset=\"https:\/\/www.web-korki.pl\/wp-content\/uploads\/2025\/08\/Patrycja1-576x1024.jpg 576w, https:\/\/www.web-korki.pl\/wp-content\/uploads\/2025\/08\/Patrycja1-169x300.jpg 169w, https:\/\/www.web-korki.pl\/wp-content\/uploads\/2025\/08\/Patrycja1-768x1365.jpg 768w, https:\/\/www.web-korki.pl\/wp-content\/uploads\/2025\/08\/Patrycja1.jpg 775w\" sizes=\"auto, (max-width: 576px) 100vw, 576px\" \/><figcaption class=\"wp-element-caption\">Fot. 1.\u00a0\u00a0 Zdj\u0119cie ze spaceru na Teneryfie.<\/figcaption><\/figure><\/div>\n\n\n<p><strong>Co daje mi bycie wolontariuszk\u0105?<\/strong><\/p>\n\n\n\n<p>Wydaje mi si\u0119, \u017ce du\u017co os\u00f3b ma poczucie dobra rosn\u0105cego w sercu, rosn\u0105cej empatii. Ta \u015bwiadomo\u015b\u0107, \u017ce niczego nie oczekujesz i nie chcesz w zamian, nie liczysz na zrewan\u017cowanie si\u0119. Jest buduj\u0105ca i daje co\u015b, co trudno opisa\u0107 s\u0142owami&#8230; dla mnie kluczowe s\u0105 uczucia rado\u015bci i wewn\u0119trznej motywacji.<br>Daje co\u015b od siebie i wierz\u0119, \u017ce gdy b\u0119d\u0119 potrzebowa\u0142a pomocy, to los ze\u015ble mi odpowiednie osoby, kt\u00f3re b\u0119d\u0105 mog\u0142y mi pom\u00f3c.<\/p>\n\n\n\n<p><strong>Jakich masz uczni\u00f3w i w jakich przedmiotach szkolnych pomagasz?<\/strong><\/p>\n\n\n\n<p>Zdecydowa\u0142am si\u0119 na uczni\u00f3w szko\u0142y podstawowej i matematyk\u0119, poniewa\u017c towarzyszy\u0142a mi w moim ca\u0142ym \u017cyciu. Cz\u0119sto chodzi\u0142am na dodatkowe zaj\u0119cia, bra\u0142am udzia\u0142 w konkursach. A zatem wiedzia\u0142am, \u017ce bez dodatkowego przygotowania b\u0119d\u0119 mog\u0142a poprowadzi\u0107 z tego przedmiotu zaj\u0119cia.<\/p>\n\n\n\n<p><strong>Jak prowadzisz zaj\u0119cia?<\/strong><\/p>\n\n\n\n<p>Skupiam si\u0119 na uczniu. Dobrze, gdy dostaj\u0119 wcze\u015bniej informacj\u0119 od opiekuna<br>z wytycznymi odno\u015bnie tego kim jest, jak zaj\u0119cia z nim przebiegaj\u0105, materia\u0142u zaj\u0119\u0107, poniewa\u017c zwykle prowadz\u0119 je w ramach zast\u0119pstwa. Je\u015bli np. dzieci nie lubi\u0142y zbyt du\u017co rozmawia\u0107, to fajnie by\u0142o wiedzie\u0107 to wcze\u015bniej, wtedy planowa\u0142am takie aktywno\u015bci by takiego ucznia nie obci\u0105\u017ca\u0107, nie chcia\u0142am go zaskakiwa\u0107 bardziej. Zast\u0105pienie korepetytora by\u0142o ju\u017c zmian\u0105. Z drugiej strony, chcia\u0142am podchodzi\u0107 ambitnie, wi\u0119c stara\u0142am si\u0119 zach\u0119ca\u0107 je do czynno\u015bci, kt\u00f3re by\u0142y dla nich trudne, bo jest to wyj\u015bciem ze strefy komfortu i szans\u0105 na rozw\u00f3j.<br>Jednak kluczowa dla mnie by\u0142a elastyczno\u015b\u0107, obserwacja na to jak dziecko reaguje na dane zadania czy polecenia i dostosowania ich by to ono wynios\u0142o z tego spotkania jak najwi\u0119cej.<br><br><strong>W jakim mie\u015bcie by\u0142a\u015b w ramach programu Erasmus +?<\/strong><\/p>\n\n\n\n<p>Na wymian\u0119 Erasmus pojecha\u0142am do Madrytu, by\u0142 to m\u00f3j drugi wyb\u00f3r, niestety nie dosta\u0142am si\u0119 na wymarzon\u0105 uczelni\u0119 w Walencji. My\u015bla\u0142am, \u017ce po zaj\u0119ciach b\u0119d\u0119 chodzi\u0142a na pla\u017c\u0119, ale kiedy okaza\u0142o si\u0119, \u017ce nie dosta\u0142am si\u0119 na wymarzon\u0105 uczelni\u0119, poczu\u0142am si\u0119 rozczarowana i przez kilka dni rozwa\u017ca\u0142am rezygnacj\u0119 z wyjazdu. Po d\u0142u\u017cszym namy\u015ble stwierdzi\u0142am, \u017ce jednak warto. Madryt by\u0142 przypadkiem, ale kultura hiszpa\u0144ska by\u0142a od dawna w moim sercu.<\/p>\n\n\n<div class=\"wp-block-image\">\n<figure class=\"aligncenter size-medium is-resized\"><img loading=\"lazy\" decoding=\"async\" width=\"300\" height=\"265\" src=\"https:\/\/www.web-korki.pl\/wp-content\/uploads\/2025\/08\/Patrycja2-300x265.jpg\" alt=\"\" class=\"wp-image-1741\" style=\"width:auto;height:450px\" srcset=\"https:\/\/www.web-korki.pl\/wp-content\/uploads\/2025\/08\/Patrycja2-300x265.jpg 300w, https:\/\/www.web-korki.pl\/wp-content\/uploads\/2025\/08\/Patrycja2-1024x905.jpg 1024w, https:\/\/www.web-korki.pl\/wp-content\/uploads\/2025\/08\/Patrycja2-768x679.jpg 768w, https:\/\/www.web-korki.pl\/wp-content\/uploads\/2025\/08\/Patrycja2.jpg 1377w\" sizes=\"auto, (max-width: 300px) 100vw, 300px\" \/><figcaption class=\"wp-element-caption\">Fot. 2. Krowa w sklepie z pami\u0105tkami w Madrycie.<\/figcaption><\/figure><\/div>\n\n\n<p>Lokatorki, kt\u00f3re mieszka\u0142y ze mn\u0105 w pokoju w akademiku by\u0142y moj\u0105 inspiracj\u0105, dziewczyna z Indii i Turcji, kt\u00f3ra w wieku 18 lat przyjecha\u0142a do Polski i zosta\u0142a na sta\u0142e. Po wys\u0142uchaniu ich do\u015bwiadcze\u0144, stwierdzi\u0142am, \u017ce takie m\u0142ode dziewczyny podr\u00f3\u017cuj\u0105 po ca\u0142ym \u015bwiecie, da\u0142y rad\u0119 sobie z r\u00f3\u017cnymi wyzwaniami, wi\u0119c ja te\u017c sobie poradz\u0119. Chcia\u0142am prze\u017cy\u0107 tak\u0105 przygod\u0119.&nbsp; Zdecydowa\u0142am si\u0119. To by\u0142 m\u00f3j pierwszy samodzielny wyjazd za granic\u0119 i lot samolotem.<\/p>\n\n\n\n<p><strong>Dlaczego uwa\u017casz, \u017ce kultura hiszpa\u0144ska jest Ci bliska? Czy przed wyjazdem zna\u0142a\u015b j\u0119zyk?<\/strong><\/p>\n\n\n\n<p>Chcia\u0142am komunikowa\u0107 si\u0119 po angielsku, ale szybko zauwa\u017cy\u0142am, \u017ce Hiszpanie wol\u0105, gdy obcokrajowcy znaj\u0105 ich j\u0119zyk.<\/p>\n\n\n\n<p>Dlaczego Hiszpania?<br>Ze wzgl\u0119du na pogod\u0119.<\/p>\n\n\n\n<p>Wybra\u0142am semestr zimowy, bo uzna\u0142am, \u017ce od pa\u017adziernika do lutego lub marca b\u0119dzie wspaniale, \u017ce tam b\u0119dzie s\u0142onecznie, kiedy w Polsce b\u0119dzie zimowa aura. Oczywi\u015bcie okaza\u0142o si\u0119 nieco inaczej&#8230; Przez pierwsze dwa tygodnie mojego pobytu w Madrycie by\u0142y ulewne deszcze, na telefon dostawali\u015bmy alerty RBC pogodowe zach\u0119caj\u0105ce do pozostania w domu. Podobno dzia\u0142o si\u0119 tak pierwszy raz. Mia\u0142o by\u0107 tak wspaniale, s\u0142onecznie, a by\u0142a ulewa, nie mo\u017cna by\u0142o wychodzi\u0107 z domu, wszystko inaczej ni\u017c sobie wyobra\u017ca\u0142am. Liczy\u0142am, \u017ce naucz\u0119 si\u0119 p\u0142ywa\u0107, jednak tak si\u0119 nie sta\u0142o. Z czasem pogoda si\u0119 poprawi\u0142a, deszcz przesta\u0142 pada\u0107, s\u0142o\u0144ce zacz\u0119\u0142o \u015bwieci\u0107 \ud83d\ude42<br>Mia\u0142am w g\u0142owie czas beztroski, lu\u017any. I to si\u0119 sprawdzi\u0142o, Hiszpanie \u017cyj\u0105 wolniej ni\u017c Polacy.<\/p>\n\n\n<div class=\"wp-block-image\">\n<figure class=\"aligncenter size-full is-resized\"><img loading=\"lazy\" decoding=\"async\" width=\"338\" height=\"601\" src=\"https:\/\/www.web-korki.pl\/wp-content\/uploads\/2025\/08\/Patrycja3.jpg\" alt=\"\" class=\"wp-image-1742\" style=\"width:auto;height:450px\" srcset=\"https:\/\/www.web-korki.pl\/wp-content\/uploads\/2025\/08\/Patrycja3.jpg 338w, https:\/\/www.web-korki.pl\/wp-content\/uploads\/2025\/08\/Patrycja3-169x300.jpg 169w\" sizes=\"auto, (max-width: 338px) 100vw, 338px\" \/><figcaption class=\"wp-element-caption\">Fot. 3. Market w Barcelonie.<\/figcaption><\/figure><\/div>\n\n\n<p><strong>Co by\u0142o wyzwaniem na wyje\u017adzie?<\/strong><\/p>\n\n\n\n<p>Pojecha\u0142am do Hiszpanii sama, musia\u0142am wi\u0119c w jaki spos\u00f3b nawi\u0105za\u0107 kontakt z lud\u017ami, \u017cebym nie czu\u0142a si\u0119 samotna, bo po jakim\u015b czasie jest to doskwieraj\u0105ce. W miejscowo\u015bci, gdzie mieszkam zawsze znajomi i przyjaciele mnie otaczali, a teraz musia\u0142am poznawa\u0107 ludzi i inicjowa\u0107 spotkania, \u017ceby mie\u0107 znajomych.<\/p>\n\n\n<div class=\"wp-block-image\">\n<figure class=\"aligncenter size-medium is-resized\"><img loading=\"lazy\" decoding=\"async\" width=\"169\" height=\"300\" src=\"https:\/\/www.web-korki.pl\/wp-content\/uploads\/2025\/08\/Patrycja4-169x300.jpg\" alt=\"\" class=\"wp-image-1743\" style=\"width:auto;height:450px\" srcset=\"https:\/\/www.web-korki.pl\/wp-content\/uploads\/2025\/08\/Patrycja4-169x300.jpg 169w, https:\/\/www.web-korki.pl\/wp-content\/uploads\/2025\/08\/Patrycja4-576x1024.jpg 576w, https:\/\/www.web-korki.pl\/wp-content\/uploads\/2025\/08\/Patrycja4-768x1365.jpg 768w, https:\/\/www.web-korki.pl\/wp-content\/uploads\/2025\/08\/Patrycja4.jpg 775w\" sizes=\"auto, (max-width: 169px) 100vw, 169px\" \/><figcaption class=\"wp-element-caption\">Fot. 4. Zamek w Segovii.<\/figcaption><\/figure><\/div>\n\n\n<p>Wynaj\u0119cie pokoju. Ze wzgl\u0119du na to, \u017ce do tej pory mieszka\u0142am w akademiku studenckim szukanie pokoju na hiszpa\u0144skoj\u0119zycznych stronach, podobnych do OLX. Na moje wiadomo\u015bci odpowiedzi dostawa\u0142am po hiszpa\u0144sku. Jeden pok\u00f3j spodoba\u0142 mi si\u0119, w\u0142a\u015bcicielka poprosi\u0142a o wp\u0142at\u0119 kaucji i op\u0142acenie dw\u00f3ch miesi\u0119cy z g\u00f3ry. Chcia\u0142am zobaczy\u0107 ten pok\u00f3j w czasie wideo rozmowy, a ta pani zacz\u0119\u0142a si\u0119 wykr\u0119ca\u0107, pisa\u0107, \u017ce nie mo\u017ce, nie ma czasu, a na ko\u0144cu mnie zablokowa\u0142a.<\/p>\n\n\n\n<p><strong>Jak poradzi\u0142a\u015b sobie z wynajmem?<\/strong><\/p>\n\n\n\n<p>Sprawdzi\u0142am Facebooka i znalaz\u0142am og\u0142oszenie Polki mieszkaj\u0105cej w Madrycie. Na kamerce pokaza\u0142a mi mieszkanie. Nie by\u0142o ju\u017c czasu na przegl\u0105danie ofert, zgodzi\u0142am si\u0119 wzi\u0105\u0107 to, co jest. Trudno\u015bci\u0105 by\u0142o dla mnie te\u017c ogarni\u0119cie metra. Zdarzy\u0142o mi si\u0119 pojecha\u0107 w przeciwnym kierunku. Takie zwyk\u0142e przeszkody dnia codziennego.<\/p>\n\n\n\n<p><strong>Co Ciebie pozytywnie zaskoczy\u0142o?<\/strong><\/p>\n\n\n\n<p>Erasmusowe znajomo\u015bci, kt\u00f3re pozwoli\u0142y mi szybko zorganizowa\u0107 wycieczki do miejsc, kt\u00f3re chcia\u0142am zwiedzi\u0107.<\/p>\n\n\n<div class=\"wp-block-image\">\n<figure class=\"aligncenter size-full is-resized\"><img loading=\"lazy\" decoding=\"async\" width=\"338\" height=\"601\" src=\"https:\/\/www.web-korki.pl\/wp-content\/uploads\/2025\/08\/Patrycja5.jpg\" alt=\"\" class=\"wp-image-1744\" style=\"width:auto;height:450px\" srcset=\"https:\/\/www.web-korki.pl\/wp-content\/uploads\/2025\/08\/Patrycja5.jpg 338w, https:\/\/www.web-korki.pl\/wp-content\/uploads\/2025\/08\/Patrycja5-169x300.jpg 169w\" sizes=\"auto, (max-width: 338px) 100vw, 338px\" \/><figcaption class=\"wp-element-caption\">Fot. 5. Panorama Barcelony z punktu widokowego.<\/figcaption><\/figure><\/div>\n\n\n<p>Pozytywnym zaskoczeniem by\u0142a dla mnie otwarto\u015b\u0107 Hiszpan\u00f3w, ich rado\u015b\u0107, spok\u00f3j, ciekawo\u015b\u0107, zwracanie uwagi na mnie, u\u015bmiechanie si\u0119 do mnie, czy wr\u0119cz zagadywanie, m\u00f3wienie, \u017ce chyba jestem z innego kraju, bo mam inn\u0105 urod\u0119. Oczywi\u015bcie w pozytywnym aspekcie \ud83d\ude0a\u00a0<\/p>\n\n\n<div class=\"wp-block-image\">\n<figure class=\"aligncenter size-full is-resized\"><img loading=\"lazy\" decoding=\"async\" width=\"451\" height=\"601\" src=\"https:\/\/www.web-korki.pl\/wp-content\/uploads\/2025\/08\/Patrycja6.jpg\" alt=\"\" class=\"wp-image-1745\" style=\"width:auto;height:450px\" srcset=\"https:\/\/www.web-korki.pl\/wp-content\/uploads\/2025\/08\/Patrycja6.jpg 451w, https:\/\/www.web-korki.pl\/wp-content\/uploads\/2025\/08\/Patrycja6-225x300.jpg 225w\" sizes=\"auto, (max-width: 451px) 100vw, 451px\" \/><figcaption class=\"wp-element-caption\">Fot. 6. Patrycja na pla\u017cy w Walencji.<\/figcaption><\/figure><\/div>\n\n\n<p><strong>Czy zauwa\u017cy\u0142a\u015b r\u00f3\u017cnic\u0119 mi\u0119dzy funkcjonowaniem uczelni w Polsce i Hiszpanie?<\/strong><\/p>\n\n\n\n<p>Zwracanie si\u0119 do prowadz\u0105cych po imieniu. Pomocne jest to w budowaniu zaufania, skraca dystans. Gdy czego\u015b si\u0119 nie wie, nawet gdy jest to trywialne, to nie czu\u0107 wtedy takiego zawstydzenia. Na Politechnice ka\u017cdy tytu\u0142 naukowy jest bardzo wa\u017cny. \u00a0<br><br>Dla mnie najwi\u0119kszym zaskoczeniem by\u0142 fakt rozpocz\u0119cia dnia oko\u0142o 10 rano. Moje zaj\u0119cia zaczyna\u0142y si\u0119 o 14:30 i ko\u0144czy\u0142y o 22:00. Zastanawia\u0142am si\u0119 jak mam funkcjonowa\u0107, co robi\u0107 dalej po sko\u0144czeniu zaj\u0119\u0107, czy gotowa\u0107 obiad, czy wyj\u015b\u0107 ze znajomymi na miasto. W ci\u0105gu dnia trudno by\u0142o funkcjonowa\u0107, kiedy by\u0142o gor\u0105co.<\/p>\n\n\n\n<p>W moim przypadku stwierdzenie, \u017ce b\u0119d\u0105c na Erasmusie nie trzeba si\u0119 uczy\u0107 lub \u017ce jest \u0142atwiej nie sprawdzi\u0142o si\u0119. Zaj\u0119cia mia\u0142am na prywatnej uczelni, uwa\u017cam, \u017ce my, studenci<br>z Erasmusa byli\u015bmy traktowani na tym samym poziomie co studenci hiszpa\u0144scy.<\/p>\n\n\n\n<p>Trudny by\u0142 dla mnie pocz\u0105tek roku akademickiego, pomimo \u017ce znam angielski, jednak ten u\u017cywany w mowie potocznej, codziennej i bran\u017cowy r\u00f3\u017cni\u0105 si\u0119. Musia\u0142am wi\u0119c po\u015bwi\u0119ci\u0107 czas by przyswoi\u0107 odpowiednie s\u0142ownictwo.<\/p>\n\n\n\n<p><strong>Wiem, \u017ce studiowa\u0142a\u015b dwa kierunki. Jak wygl\u0105da\u0142o po\u0142\u0105czenie ich z innymi obowi\u0105zkami?<\/strong><\/p>\n\n\n\n<p>Studiowa\u0142am dwa kierunki magisterskie: zarz\u0105dzanie i in\u017cynieri\u0119 produkcji, i drugi zarz\u0105dzanie projektami. W czasie wyjazdu obiecywa\u0142am sobie pracowa\u0107 nad prac\u0105 magistersk\u0105 jak najwi\u0119cej, jednak wiadomo, jak to jest, wyjazdy, zwiedzanie z nowymi lud\u017ami. Sko\u0144czy\u0142am Erasmus w grudniu, wi\u0119c jak wr\u00f3ci\u0142am do Polski to jeszcze mia\u0142am miesi\u0105c czasu do lutego, \u017ceby odda\u0107 prac\u0119 magistersk\u0105 i pocz\u0105tkowo planowa\u0142am czy co\u015b na ten temat. Najtrudniejsze by\u0142o \u0142\u0105czenie nauki na dw\u00f3ch kierunkach w Polsce, co jest kwesti\u0105 wyboru, planowania swojego czasu, rezygnowanie z czasu rozrywkowego.<\/p>\n\n\n\n<p><strong>Jak\u0105 masz metod\u0119 skutecznego uczenia si\u0119?<\/strong><\/p>\n\n\n\n<p>Kluczowe jest dla mnie zrozumienie materia\u0142u, dzia\u0142ania procesu. Nie umiem uczy\u0107 si\u0119 na pami\u0119\u0107, nie stosuj\u0119 zasady ZZZ, szybko zapomina si\u0119, nic z tego nie ma, szkoda czasu. Musz\u0119 by\u0107 te\u017c wyspana i wypocz\u0119ta, inaczej bardzo trudno jest mi si\u0119 uczy\u0107.<\/p>\n\n\n\n<p><strong>Czy masz kontakt ze studentami z Erasmusa? Czy uda\u0142o si\u0119 wam spotka\u0107?<\/strong><\/p>\n\n\n\n<p>Mamy sporadyczny kontakt poprzez media spo\u0142eczno\u015bciowe, dajemy sobie polubienia, komentujemy. Gdy jest si\u0119 blisko siebie to si\u0119 obiecuje spotkania, wiadomo jak to jest, ka\u017cdy ma swoje sprawy. Teraz naturalnie te relacje si\u0119 wygaszaj\u0105. Mam&nbsp;&nbsp; kole\u017cank\u0119, kt\u00f3ra mieszka w Warszawie i my\u015bl\u0119, \u017ce gdybym znalaz\u0142a si\u0119 w Kanadzie, da\u0142a zna\u0107 innej osobie, to pewnie mog\u0142abym liczy\u0107 na ugoszczenie, ale na razie si\u0119 tak nie stanie, jestem zobowi\u0105zana prac\u0105.<\/p>\n\n\n\n<p><strong>Opowiedz mi o swoich zainteresowa\u0144<\/strong><\/p>\n\n\n\n<p>U mnie zainteresowania s\u0105 dosy\u0107 zmienne, lubi\u0119 odkrywa\u0107 nowe rzeczy.<br>Jednak z tych sta\u0142ych, kt\u00f3re s\u0105 ze mn\u0105 od zawsze, jest to czytanie ksi\u0105\u017cek, bardziej ni\u017c do technologii czy ogl\u0105dania telewizji ci\u0105gn\u0119\u0142o mnie do ksi\u0105\u017cek. Uto\u017csamiam si\u0119 z bohaterami lektur, co sprawia, \u017ce prze\u017cywam to co oni.\u00a0<br>Z nowych zaj\u0119\u0107 zacz\u0119\u0142am chodzi\u0107 na zumb\u0119.<br>Moim marze\u0144 jest nauka p\u0142ywania, poniewa\u017c mam ogromn\u0105 fobi\u0119 przed wod\u0105, mam ju\u017c za sob\u0105 kilka podej\u015b\u0107 za sob\u0105 i mam nadziej\u0119, \u017ce w ko\u0144cu mi si\u0119 uda.<\/p>\n\n\n\n<p><strong>Jakie miejsce w Hiszpanii polecasz zwiedzi\u0107?<\/strong><\/p>\n\n\n\n<p>D<strong>l<\/strong>a mnie najpi\u0119kniejszym miejscem w Hiszpanii jest Teneryfa, bardziej ceni\u0119 naturalnie zachowane cuda natury ni\u017c wielkie miasta i atrakcje architektoniczne. Wiem, \u017ce wylot na Wyspy Kanaryjskie nie dla wszystkich jest osi\u0105galny, wi\u0119c polecam pozwoli\u0107 sobie na odkrywanie miast bez map, bez polece\u0144 innych os\u00f3b, poprzez spacerowanie, obserwowanie tubylc\u00f3w, dostrze\u017cenie jakie maj\u0105 zwyczaje, co robi\u0105, jak wygl\u0105da ich codzienno\u015b\u0107. Poczu\u0107 atmosfer\u0119 tego miasta bez szukania najlepszych restauracji i zabytk\u00f3w. Czasem najbardziej wyj\u0105tkowe miejsca s\u0105 tu\u017c obok nas, a my przez przegl\u0105danie telefonu nie zauwa\u017camy ich. Dlatego warto si\u0119 na to otworzy\u0107 i da\u0107 sobie szans\u0119 na pozytywne zagubienie si\u0119 w nowym miejscu i odkrycie miejsc nie tylko polecanych przez innych.<\/p>\n\n\n<div class=\"wp-block-image\">\n<figure class=\"aligncenter size-full is-resized\"><img loading=\"lazy\" decoding=\"async\" width=\"254\" height=\"451\" src=\"https:\/\/www.web-korki.pl\/wp-content\/uploads\/2025\/08\/Patrycja7.jpg\" alt=\"\" class=\"wp-image-1739\" style=\"width:auto;height:450px\" srcset=\"https:\/\/www.web-korki.pl\/wp-content\/uploads\/2025\/08\/Patrycja7.jpg 254w, https:\/\/www.web-korki.pl\/wp-content\/uploads\/2025\/08\/Patrycja7-169x300.jpg 169w\" sizes=\"auto, (max-width: 254px) 100vw, 254px\" \/><figcaption class=\"wp-element-caption\">Fot. 7.\u00a0 \u00a0Zdj\u0119cie ze spaceru na Teneryfie.<\/figcaption><\/figure><\/div>\n\n\n<p><strong>Dzi\u0119kuj\u0119 za po\u015bwi\u0119cony czas na rozmow\u0119 <\/strong>\ud83d\ude09<\/p>\n\n\n\n<p>Dzi\u0119kuj\u0119 r\u00f3wnie\u017c!<\/p>\n\n\n\n<p>Wywiad przeprowadzi\u0142a Dorota Ochnik<\/p>\n\n\n\n<p><\/p>\n","protected":false},"excerpt":{"rendered":"<p>Dlaczego do\u0142\u0105czenie do Web-Kork\u00f3w by\u0142o dla Ciebie interesuj\u0105ce? Inicjatywa by\u0142a dla mnie interesuj\u0105ca dlatego, \u017ce pomagamy dzieciom, kt\u00f3re maj\u0105 trudniej<\/p>\n<p><a href=\"https:\/\/www.web-korki.pl\/index.php\/2025\/08\/17\/patrycja-i-jej-droga-do-eldorado\/\" class=\"more-link\">Zobacz wi\u0119cej<span class=\"screen-reader-text\">Patrycja i jej droga do Eldorado<\/span><\/a><\/p>\n","protected":false},"author":1,"featured_media":1740,"comment_status":"closed","ping_status":"closed","sticky":false,"template":"","format":"standard","meta":{"footnotes":""},"categories":[1],"tags":[],"class_list":["post-1726","post","type-post","status-publish","format-standard","has-post-thumbnail","hentry","category-blog"],"yoast_head":"<!-- This site is optimized with the Yoast SEO plugin v17.9 - https:\/\/yoast.com\/wordpress\/plugins\/seo\/ -->\n<title>Patrycja i jej droga do Eldorado - Fundacja Web-korki<\/title>\n<meta name=\"robots\" content=\"index, follow, max-snippet:-1, max-image-preview:large, max-video-preview:-1\" \/>\n<link rel=\"canonical\" href=\"https:\/\/www.web-korki.pl\/index.php\/2025\/08\/17\/patrycja-i-jej-droga-do-eldorado\/\" \/>\n<meta property=\"og:locale\" content=\"pl_PL\" \/>\n<meta property=\"og:type\" content=\"article\" \/>\n<meta property=\"og:title\" content=\"Patrycja i jej droga do Eldorado - Fundacja Web-korki\" \/>\n<meta property=\"og:description\" content=\"Dlaczego do\u0142\u0105czenie do Web-Kork\u00f3w by\u0142o dla Ciebie interesuj\u0105ce? Inicjatywa by\u0142a dla mnie interesuj\u0105ca dlatego, \u017ce pomagamy dzieciom, kt\u00f3re maj\u0105 trudniejZobacz wi\u0119cejPatrycja i jej droga do Eldorado\" \/>\n<meta property=\"og:url\" content=\"https:\/\/www.web-korki.pl\/index.php\/2025\/08\/17\/patrycja-i-jej-droga-do-eldorado\/\" \/>\n<meta property=\"og:site_name\" content=\"Fundacja Web-korki\" \/>\n<meta property=\"article:published_time\" content=\"2025-08-17T11:32:04+00:00\" \/>\n<meta property=\"article:modified_time\" content=\"2025-08-19T19:56:55+00:00\" \/>\n<meta property=\"og:image\" content=\"https:\/\/www.web-korki.pl\/wp-content\/uploads\/2025\/08\/Patrycja1.jpg\" \/>\n\t<meta property=\"og:image:width\" content=\"775\" \/>\n\t<meta property=\"og:image:height\" content=\"1377\" \/>\n\t<meta property=\"og:image:type\" content=\"image\/jpeg\" \/>\n<meta name=\"twitter:card\" content=\"summary_large_image\" \/>\n<meta name=\"twitter:label1\" content=\"Napisane przez\" \/>\n\t<meta name=\"twitter:data1\" content=\"admin5889\" \/>\n\t<meta name=\"twitter:label2\" content=\"Szacowany czas czytania\" \/>\n\t<meta name=\"twitter:data2\" content=\"9 minut\" \/>\n<script type=\"application\/ld+json\" class=\"yoast-schema-graph\">{\"@context\":\"https:\/\/schema.org\",\"@graph\":[{\"@type\":\"WebSite\",\"@id\":\"https:\/\/www.web-korki.pl\/#website\",\"url\":\"https:\/\/www.web-korki.pl\/\",\"name\":\"Fundacja Web-korki\",\"description\":\"PODARUJMY DZIECIOM SW\\u00d3J CZAS\",\"potentialAction\":[{\"@type\":\"SearchAction\",\"target\":{\"@type\":\"EntryPoint\",\"urlTemplate\":\"https:\/\/www.web-korki.pl\/?s={search_term_string}\"},\"query-input\":\"required name=search_term_string\"}],\"inLanguage\":\"pl-PL\"},{\"@type\":\"ImageObject\",\"@id\":\"https:\/\/www.web-korki.pl\/index.php\/2025\/08\/17\/patrycja-i-jej-droga-do-eldorado\/#primaryimage\",\"inLanguage\":\"pl-PL\",\"url\":\"https:\/\/www.web-korki.pl\/wp-content\/uploads\/2025\/08\/Patrycja1.jpg\",\"contentUrl\":\"https:\/\/www.web-korki.pl\/wp-content\/uploads\/2025\/08\/Patrycja1.jpg\",\"width\":775,\"height\":1377},{\"@type\":\"WebPage\",\"@id\":\"https:\/\/www.web-korki.pl\/index.php\/2025\/08\/17\/patrycja-i-jej-droga-do-eldorado\/#webpage\",\"url\":\"https:\/\/www.web-korki.pl\/index.php\/2025\/08\/17\/patrycja-i-jej-droga-do-eldorado\/\",\"name\":\"Patrycja i jej droga do Eldorado - Fundacja Web-korki\",\"isPartOf\":{\"@id\":\"https:\/\/www.web-korki.pl\/#website\"},\"primaryImageOfPage\":{\"@id\":\"https:\/\/www.web-korki.pl\/index.php\/2025\/08\/17\/patrycja-i-jej-droga-do-eldorado\/#primaryimage\"},\"datePublished\":\"2025-08-17T11:32:04+00:00\",\"dateModified\":\"2025-08-19T19:56:55+00:00\",\"author\":{\"@id\":\"https:\/\/www.web-korki.pl\/#\/schema\/person\/314c39f3493021bd94a9dceaec288b12\"},\"breadcrumb\":{\"@id\":\"https:\/\/www.web-korki.pl\/index.php\/2025\/08\/17\/patrycja-i-jej-droga-do-eldorado\/#breadcrumb\"},\"inLanguage\":\"pl-PL\",\"potentialAction\":[{\"@type\":\"ReadAction\",\"target\":[\"https:\/\/www.web-korki.pl\/index.php\/2025\/08\/17\/patrycja-i-jej-droga-do-eldorado\/\"]}]},{\"@type\":\"BreadcrumbList\",\"@id\":\"https:\/\/www.web-korki.pl\/index.php\/2025\/08\/17\/patrycja-i-jej-droga-do-eldorado\/#breadcrumb\",\"itemListElement\":[{\"@type\":\"ListItem\",\"position\":1,\"name\":\"Strona g\\u0142\\u00f3wna\",\"item\":\"https:\/\/www.web-korki.pl\/\"},{\"@type\":\"ListItem\",\"position\":2,\"name\":\"Patrycja i jej droga do Eldorado\"}]},{\"@type\":\"Person\",\"@id\":\"https:\/\/www.web-korki.pl\/#\/schema\/person\/314c39f3493021bd94a9dceaec288b12\",\"name\":\"admin5889\",\"image\":{\"@type\":\"ImageObject\",\"@id\":\"https:\/\/www.web-korki.pl\/#personlogo\",\"inLanguage\":\"pl-PL\",\"url\":\"https:\/\/secure.gravatar.com\/avatar\/4b9b69db765139b70fcadd78f90d7cd4ad26130c5337cd00587efe4dfec676ee?s=96&d=mm&r=g\",\"contentUrl\":\"https:\/\/secure.gravatar.com\/avatar\/4b9b69db765139b70fcadd78f90d7cd4ad26130c5337cd00587efe4dfec676ee?s=96&d=mm&r=g\",\"caption\":\"admin5889\"},\"sameAs\":[\"http:\/\/www.web-korki.pl\"],\"url\":\"https:\/\/www.web-korki.pl\/index.php\/author\/admin5889\/\"}]}<\/script>\n<!-- \/ Yoast SEO plugin. -->","yoast_head_json":{"title":"Patrycja i jej droga do Eldorado - Fundacja Web-korki","robots":{"index":"index","follow":"follow","max-snippet":"max-snippet:-1","max-image-preview":"max-image-preview:large","max-video-preview":"max-video-preview:-1"},"canonical":"https:\/\/www.web-korki.pl\/index.php\/2025\/08\/17\/patrycja-i-jej-droga-do-eldorado\/","og_locale":"pl_PL","og_type":"article","og_title":"Patrycja i jej droga do Eldorado - Fundacja Web-korki","og_description":"Dlaczego do\u0142\u0105czenie do Web-Kork\u00f3w by\u0142o dla Ciebie interesuj\u0105ce? Inicjatywa by\u0142a dla mnie interesuj\u0105ca dlatego, \u017ce pomagamy dzieciom, kt\u00f3re maj\u0105 trudniejZobacz wi\u0119cejPatrycja i jej droga do Eldorado","og_url":"https:\/\/www.web-korki.pl\/index.php\/2025\/08\/17\/patrycja-i-jej-droga-do-eldorado\/","og_site_name":"Fundacja Web-korki","article_published_time":"2025-08-17T11:32:04+00:00","article_modified_time":"2025-08-19T19:56:55+00:00","og_image":[{"width":775,"height":1377,"url":"https:\/\/www.web-korki.pl\/wp-content\/uploads\/2025\/08\/Patrycja1.jpg","type":"image\/jpeg"}],"twitter_card":"summary_large_image","twitter_misc":{"Napisane przez":"admin5889","Szacowany czas czytania":"9 minut"},"schema":{"@context":"https:\/\/schema.org","@graph":[{"@type":"WebSite","@id":"https:\/\/www.web-korki.pl\/#website","url":"https:\/\/www.web-korki.pl\/","name":"Fundacja Web-korki","description":"PODARUJMY DZIECIOM SW\u00d3J CZAS","potentialAction":[{"@type":"SearchAction","target":{"@type":"EntryPoint","urlTemplate":"https:\/\/www.web-korki.pl\/?s={search_term_string}"},"query-input":"required name=search_term_string"}],"inLanguage":"pl-PL"},{"@type":"ImageObject","@id":"https:\/\/www.web-korki.pl\/index.php\/2025\/08\/17\/patrycja-i-jej-droga-do-eldorado\/#primaryimage","inLanguage":"pl-PL","url":"https:\/\/www.web-korki.pl\/wp-content\/uploads\/2025\/08\/Patrycja1.jpg","contentUrl":"https:\/\/www.web-korki.pl\/wp-content\/uploads\/2025\/08\/Patrycja1.jpg","width":775,"height":1377},{"@type":"WebPage","@id":"https:\/\/www.web-korki.pl\/index.php\/2025\/08\/17\/patrycja-i-jej-droga-do-eldorado\/#webpage","url":"https:\/\/www.web-korki.pl\/index.php\/2025\/08\/17\/patrycja-i-jej-droga-do-eldorado\/","name":"Patrycja i jej droga do Eldorado - Fundacja Web-korki","isPartOf":{"@id":"https:\/\/www.web-korki.pl\/#website"},"primaryImageOfPage":{"@id":"https:\/\/www.web-korki.pl\/index.php\/2025\/08\/17\/patrycja-i-jej-droga-do-eldorado\/#primaryimage"},"datePublished":"2025-08-17T11:32:04+00:00","dateModified":"2025-08-19T19:56:55+00:00","author":{"@id":"https:\/\/www.web-korki.pl\/#\/schema\/person\/314c39f3493021bd94a9dceaec288b12"},"breadcrumb":{"@id":"https:\/\/www.web-korki.pl\/index.php\/2025\/08\/17\/patrycja-i-jej-droga-do-eldorado\/#breadcrumb"},"inLanguage":"pl-PL","potentialAction":[{"@type":"ReadAction","target":["https:\/\/www.web-korki.pl\/index.php\/2025\/08\/17\/patrycja-i-jej-droga-do-eldorado\/"]}]},{"@type":"BreadcrumbList","@id":"https:\/\/www.web-korki.pl\/index.php\/2025\/08\/17\/patrycja-i-jej-droga-do-eldorado\/#breadcrumb","itemListElement":[{"@type":"ListItem","position":1,"name":"Strona g\u0142\u00f3wna","item":"https:\/\/www.web-korki.pl\/"},{"@type":"ListItem","position":2,"name":"Patrycja i jej droga do Eldorado"}]},{"@type":"Person","@id":"https:\/\/www.web-korki.pl\/#\/schema\/person\/314c39f3493021bd94a9dceaec288b12","name":"admin5889","image":{"@type":"ImageObject","@id":"https:\/\/www.web-korki.pl\/#personlogo","inLanguage":"pl-PL","url":"https:\/\/secure.gravatar.com\/avatar\/4b9b69db765139b70fcadd78f90d7cd4ad26130c5337cd00587efe4dfec676ee?s=96&d=mm&r=g","contentUrl":"https:\/\/secure.gravatar.com\/avatar\/4b9b69db765139b70fcadd78f90d7cd4ad26130c5337cd00587efe4dfec676ee?s=96&d=mm&r=g","caption":"admin5889"},"sameAs":["http:\/\/www.web-korki.pl"],"url":"https:\/\/www.web-korki.pl\/index.php\/author\/admin5889\/"}]}},"_links":{"self":[{"href":"https:\/\/www.web-korki.pl\/index.php\/wp-json\/wp\/v2\/posts\/1726","targetHints":{"allow":["GET"]}}],"collection":[{"href":"https:\/\/www.web-korki.pl\/index.php\/wp-json\/wp\/v2\/posts"}],"about":[{"href":"https:\/\/www.web-korki.pl\/index.php\/wp-json\/wp\/v2\/types\/post"}],"author":[{"embeddable":true,"href":"https:\/\/www.web-korki.pl\/index.php\/wp-json\/wp\/v2\/users\/1"}],"replies":[{"embeddable":true,"href":"https:\/\/www.web-korki.pl\/index.php\/wp-json\/wp\/v2\/comments?post=1726"}],"version-history":[{"count":6,"href":"https:\/\/www.web-korki.pl\/index.php\/wp-json\/wp\/v2\/posts\/1726\/revisions"}],"predecessor-version":[{"id":1748,"href":"https:\/\/www.web-korki.pl\/index.php\/wp-json\/wp\/v2\/posts\/1726\/revisions\/1748"}],"wp:featuredmedia":[{"embeddable":true,"href":"https:\/\/www.web-korki.pl\/index.php\/wp-json\/wp\/v2\/media\/1740"}],"wp:attachment":[{"href":"https:\/\/www.web-korki.pl\/index.php\/wp-json\/wp\/v2\/media?parent=1726"}],"wp:term":[{"taxonomy":"category","embeddable":true,"href":"https:\/\/www.web-korki.pl\/index.php\/wp-json\/wp\/v2\/categories?post=1726"},{"taxonomy":"post_tag","embeddable":true,"href":"https:\/\/www.web-korki.pl\/index.php\/wp-json\/wp\/v2\/tags?post=1726"}],"curies":[{"name":"wp","href":"https:\/\/api.w.org\/{rel}","templated":true}]}}