{"id":1751,"date":"2025-09-06T12:52:06","date_gmt":"2025-09-06T12:52:06","guid":{"rendered":"https:\/\/www.web-korki.pl\/?p=1751"},"modified":"2025-09-06T12:52:08","modified_gmt":"2025-09-06T12:52:08","slug":"rozkwit-gabrysi-od-wolontariatu-po-studia-w-holandii","status":"publish","type":"post","link":"https:\/\/www.web-korki.pl\/index.php\/2025\/09\/06\/rozkwit-gabrysi-od-wolontariatu-po-studia-w-holandii\/","title":{"rendered":"Rozkwit Gabrysi- od wolontariatu po studia w Holandii"},"content":{"rendered":"\n<p><strong>Historia o tym jak wolontariat popycha do dzia\u0142ania i otwarto\u015bci na przygody. W \u015brodku tak\u017ce szczypta informacji o studiach w Holandii i o wychodzeniu ze strefy komfortu.<\/strong><\/p>\n\n\n<div class=\"wp-block-image\">\n<figure class=\"aligncenter size-large is-resized\"><img loading=\"lazy\" decoding=\"async\" width=\"576\" height=\"1024\" src=\"https:\/\/www.web-korki.pl\/wp-content\/uploads\/2025\/08\/Gabrysia-1-576x1024.jpeg\" alt=\"\" class=\"wp-image-1760\" style=\"width:auto;height:500px\" srcset=\"https:\/\/www.web-korki.pl\/wp-content\/uploads\/2025\/08\/Gabrysia-1-576x1024.jpeg 576w, https:\/\/www.web-korki.pl\/wp-content\/uploads\/2025\/08\/Gabrysia-1-169x300.jpeg 169w, https:\/\/www.web-korki.pl\/wp-content\/uploads\/2025\/08\/Gabrysia-1-768x1365.jpeg 768w, https:\/\/www.web-korki.pl\/wp-content\/uploads\/2025\/08\/Gabrysia-1-864x1536.jpeg 864w, https:\/\/www.web-korki.pl\/wp-content\/uploads\/2025\/08\/Gabrysia-1.jpeg 1152w\" sizes=\"auto, (max-width: 576px) 100vw, 576px\" \/><\/figure><\/div>\n\n\n<p><strong>Droga Gabrysiu, opowiedz o tym jak znalaz\u0142a\u015b si\u0119 w naszej web-korkowej spo\u0142eczno\u015bci?<\/strong><\/p>\n\n\n\n<p>W fundacji zacz\u0119\u0142am dzia\u0142a\u0107 po tym, jak zobaczy\u0142am, \u017ce paru moich znajomych na Facebooku udost\u0119pnia\u0142o posty fundacji dotycz\u0105ce tego, \u017ce fundacja szuka wolontariuszy na nowy rok. <br>Od razu po zaznajomieniu si\u0119 z jej celem wiedzia\u0142am, \u017ce jest to co\u015b, do czego chcia\u0142abym si\u0119 przyczyni\u0107. Przy okazji dosz\u0142o do tego moje poszukiwanie r\u00f3\u017cnych zaj\u0119\u0107 pozalekcyjnych jeszcze w liceum, kt\u00f3rymi nie tylko mog\u0142abym wzmocni\u0107 swoje CV, ale te\u017c si\u0119 rozwin\u0105\u0107 i robi\u0107 to, <br>co sprawia mi rado\u015b\u0107. Jako \u017ce moja mama jest nauczycielk\u0105 angielskiego, postanowi\u0142am p\u00f3j\u015b\u0107 w jej \u015blady i zg\u0142osi\u0107 si\u0119 jako korepetytorka j\u0119zyka angielskiego. \ud83d\ude42<\/p>\n\n\n\n<p><strong>Co przekona\u0142o ci\u0119 do zostania wolontariuszk\u0105?<\/strong><\/p>\n\n\n\n<p>My\u015bl\u0119, \u017ce g\u0142\u00f3wnym powodem by\u0142o to, \u017ce sama przez bardzo d\u0142ugi czas mia\u0142am przemy\u015blenia dotycz\u0105ce tego, \u017ce edukacja nie jest r\u00f3wnie dost\u0119pna dla wszystkich \u2014 czy na poziomie mi\u0119dzynarodowym, czy nawet w\u0142a\u015bnie lokalnym. Jest to co\u015b, co jest dla mnie niezmiernie wa\u017cne, poniewa\u017c uwa\u017cam, \u017ce ka\u017cdy powinien mie\u0107 r\u00f3wne szanse w \u017cyciu, a niestety nie ka\u017cdy takie dostaje. Ponadto od zawsze dobrze mi sz\u0142o dogadywanie si\u0119 z osobami m\u0142odszymi <br>i nigdy nie mia\u0142am problem\u00f3w, je\u015bli chodzi o kontakt z nimi. Pomy\u015bla\u0142am sobie, \u017ce je\u017celi jest to ma\u0142a cegie\u0142ka, kt\u00f3r\u0105 mog\u0119 do\u0142o\u017cy\u0107 do sprawiania, \u017ce tacy podopieczni fundacji b\u0119d\u0105 spe\u0142nia\u0107 jakie\u015b swoje ma\u0142e marzenia i sukcesy \u2014 to dlaczego nie!<\/p>\n\n\n\n<p><strong>Jakie s\u0105 3 s\u0142owa, kt\u00f3re opisuj\u0105 twoje do\u015bwiadczenia wolontariackie i dlaczego wybra\u0142a\u015b te s\u0142owa?<\/strong><\/p>\n\n\n\n<p>My\u015bl\u0119, \u017ce trzy s\u0142owa (albo raczej wyra\u017cenia), kt\u00f3re idealnie opisuj\u0105 moje do\u015bwiadczenie <br>w wolontariacie, to: tworzenie relacji, zabawa oraz nadzieja na przysz\u0142o\u015b\u0107. \u2661<\/p>\n\n\n\n<p><strong>Przybli\u017cmy twoj\u0105 histori\u0119. Histori\u0119 niebanaln\u0105, poniewa\u017c po polskiej maturze zdecydowa\u0142a\u015b si\u0119 na studiowanie w Holandii, czy tak? <\/strong><\/p>\n\n\n\n<p>Zgadza si\u0119!<\/p>\n\n\n\n<p><strong>Opowiedz o swoich do\u015bwiadczeniach licealnych. Kiedy narodzi\u0142 si\u0119 plan o wyje\u017adzie za granic\u0119?<\/strong><\/p>\n\n\n\n<p>By\u0142o to co\u015b, co wiedzia\u0142am, \u017ce chc\u0119 zrobi\u0107 od d\u0142u\u017cszego czasu, ale ba\u0142am si\u0119 nieco drogi, kt\u00f3r\u0105 b\u0119d\u0119 musia\u0142a przej\u015b\u0107, \u017ceby spe\u0142ni\u0107 moje ambicje. W liceum postrzega\u0142am si\u0119 raczej jako osoba nie\u015bmia\u0142a i mam wra\u017cenie, \u017ce przez d\u0142ugi czas du\u017c\u0105 trudno\u015b\u0107 sprawia\u0142o mi wchodzenie do nowych \u015brodowisk czy robienie rzeczy, kt\u00f3re s\u0105 poza moj\u0105 stref\u0105 komfortu. Wiedzia\u0142am natomiast, \u017ce je\u015bli chc\u0119 wyjecha\u0107 na studia za granic\u0119, same dobre oceny nie wystarcz\u0105<br>i \u017ce musz\u0119 sta\u0107 si\u0119 osob\u0105 bardziej aktywn\u0105 w otaczaj\u0105cej mnie spo\u0142eczno\u015bci. Zaczyna\u0142am od ma\u0142ych krok\u00f3w i powoli nabiera\u0142am tempa, a z ka\u017cd\u0105 rzecz\u0105 stawa\u0142o si\u0119 coraz \u0142atwiej.<\/p>\n\n\n\n<p><strong>Co wi\u0119c studiujesz i co bycie studentk\u0105 w tym kraju tobie daje?<\/strong><\/p>\n\n\n\n<p>Jestem aktualnie po drugim roku prawa mi\u0119dzynarodowego i europejskiego na Uniwersytecie w Groningen, w Holandii. Jest to licencjat z prawa (co\u015b, czego nie ma w Polsce), wi\u0119c by\u0142 to na pewno jeden z powod\u00f3w, dla kt\u00f3rych wybra\u0142am te studia. My\u015bl\u0119, \u017ce same studia daj\u0105 mi du\u017ce poczucie spe\u0142nienia. Nigdy nie spodziewa\u0142am si\u0119, \u017ce wyl\u0105duj\u0119, studiuj\u0105c prawo, ale jednak tak si\u0119 sta\u0142o i jestem niesamowicie zadowolona ze swojego wyboru, i bardzo podoba mi si\u0119 to, czego si\u0119 ucz\u0119!<\/p>\n\n\n\n<p><strong>Jak bycie wolontariuszk\u0105 jest po\u0142\u0105czone z twoj\u0105 histori\u0105?<\/strong><\/p>\n\n\n\n<p>Bycie w Web-korkach by\u0142o jednym z do\u015bwiadcze\u0144, kt\u00f3re zdecydowanie wp\u0142yn\u0119\u0142y na moj\u0105 pewno\u015b\u0107 siebie oraz poczucie warto\u015bci. Dzi\u0119ki takim w\u0142a\u015bnie krokom zbiera\u0142am si\u0142y na to, <br>aby pr\u00f3bowa\u0107 wi\u0119kszych rzeczy \u2014 jedn\u0105 z nich by\u0142o spr\u00f3bowanie swoich si\u0142 w zarz\u0105dzie najwi\u0119kszej organizacji studenckiej na naszym wydziale! Teraz, patrz\u0105c z perspektywy czasu, nie zmieni\u0142abym niczego i jestem bardzo dumna z drogi, kt\u00f3r\u0105 przesz\u0142am.<\/p>\n\n\n<div class=\"wp-block-image\">\n<figure class=\"aligncenter size-large is-resized\"><img loading=\"lazy\" decoding=\"async\" width=\"768\" height=\"1024\" src=\"https:\/\/www.web-korki.pl\/wp-content\/uploads\/2025\/08\/Gabrysia-2-768x1024.jpeg\" alt=\"\" class=\"wp-image-1761\" style=\"width:auto;height:500px\" srcset=\"https:\/\/www.web-korki.pl\/wp-content\/uploads\/2025\/08\/Gabrysia-2-768x1024.jpeg 768w, https:\/\/www.web-korki.pl\/wp-content\/uploads\/2025\/08\/Gabrysia-2-225x300.jpeg 225w, https:\/\/www.web-korki.pl\/wp-content\/uploads\/2025\/08\/Gabrysia-2-1152x1536.jpeg 1152w, https:\/\/www.web-korki.pl\/wp-content\/uploads\/2025\/08\/Gabrysia-2.jpeg 1536w\" sizes=\"auto, (max-width: 768px) 100vw, 768px\" \/><\/figure><\/div>\n\n\n<p><strong>Jakie wyzwania czeka\u0142y ci\u0119 na drodze do spe\u0142nienia planu o zagranicznej przygodzie?<\/strong><\/p>\n\n\n\n<p>To jest bardzo dobre pytanie! \ud83d\ude05 My\u015bl\u0119, \u017ce by\u0142o ich bardzo du\u017co, ale jak to si\u0119 m\u00f3wi: \u201eco ci\u0119 nie zabije, to ci\u0119 wzmocni\u201d. Jedn\u0105 z tych rzeczy by\u0142y zdecydowanie obawy wielu ludzi z mojego otoczenia \u2014 czy na pewno sobie dam rad\u0119 i czy wiem, co robi\u0119. My\u015bl\u0119, \u017ce<\/p>\n\n\n\n<p>du\u017co os\u00f3b postrzega\u0142o mnie dalej jako tak\u0105 ma\u0142\u0105 dziewczynk\u0119, kt\u00f3ra nie do ko\u0144ca wiedzia\u0142a, jak poradzi\u0107 sobie w wielkim \u015bwiecie. Mimo to stara\u0142am si\u0119 nie przejmowa\u0107 opiniami innych <br>i dalej i\u015b\u0107 pewnie do celu. Nauczy\u0142o mnie to, \u017ce to nie ludzie dooko\u0142a determinuj\u0105 to, jak\u0105 osob\u0105 jeste\u015b i co chcesz osi\u0105gn\u0105\u0107, ale ty sam!<\/p>\n\n\n<div class=\"wp-block-image\">\n<figure class=\"aligncenter size-large is-resized\"><img loading=\"lazy\" decoding=\"async\" width=\"683\" height=\"1024\" src=\"https:\/\/www.web-korki.pl\/wp-content\/uploads\/2025\/08\/Gabrysia-3-683x1024.jpeg\" alt=\"\" class=\"wp-image-1758\" style=\"width:auto;height:500px\" srcset=\"https:\/\/www.web-korki.pl\/wp-content\/uploads\/2025\/08\/Gabrysia-3-683x1024.jpeg 683w, https:\/\/www.web-korki.pl\/wp-content\/uploads\/2025\/08\/Gabrysia-3-200x300.jpeg 200w, https:\/\/www.web-korki.pl\/wp-content\/uploads\/2025\/08\/Gabrysia-3-768x1152.jpeg 768w, https:\/\/www.web-korki.pl\/wp-content\/uploads\/2025\/08\/Gabrysia-3-1024x1536.jpeg 1024w, https:\/\/www.web-korki.pl\/wp-content\/uploads\/2025\/08\/Gabrysia-3.jpeg 1365w\" sizes=\"auto, (max-width: 683px) 100vw, 683px\" \/><\/figure><\/div>\n\n\n<p><strong>Jaka my\u015bl przy\u015bwieca\u0142a ci w trudnych i wymagaj\u0105cych momentach na drodze do spe\u0142niania planu?<\/strong><\/p>\n\n\n\n<p>My\u015bl\u0119, \u017ce cytat, kt\u00f3ry zawsze przy mnie jest, kiedykolwiek przechodz\u0119 przez trudne momenty, to cytat Mai Angelou: \u201eLudzie zapomn\u0105, co m\u00f3wi\u0142e\u015b, ludzie zapomn\u0105, co zrobi\u0142e\u015b, ale ludzie nigdy nie zapomn\u0105, jak sprawi\u0142e\u015b, \u017ce si\u0119 poczuli\u201d. Bo jednak wydaje mi si\u0119, \u017ce w \u017cyciu przed nami du\u017co i sukces\u00f3w, i pora\u017cek. Jest to<\/p>\n\n\n\n<p>zdecydowanie nieodmienna cz\u0119\u015b\u0107 \u017cycia. Ja te\u017c na swojej drodze spotka\u0142am si\u0119 z wieloma tzw. \u201erejections\u201d i nie zawsze udawa\u0142o mi si\u0119 osi\u0105gn\u0105\u0107 to, na czym mi przez d\u0142ugi czas zale\u017ca\u0142o. Mimo to zawsze stara\u0142am si\u0119 dba\u0107 o to, jakich ludzi mam dooko\u0142a siebie, i szczeg\u00f3lnie teraz, b\u0119d\u0105c na studiach, odnajduj\u0119 du\u017ce poczucie komfortu w przyja\u017aniach, kt\u00f3re mam \u2014 i daj\u0105 mi one si\u0142\u0119 do pr\u00f3bowania dalej, nawet je\u015bli mi co\u015b nie wysz\u0142o.<\/p>\n\n\n\n<p><strong>Z jak\u0105 my\u015bl\u0105 dotycz\u0105c\u0105 twojej przygody (lub dotycz\u0105cej czego\u015b jeszcze innego:)) chcesz pozostawi\u0107 naszych czytelnik\u00f3w?<\/strong><\/p>\n\n\n\n<p>To, co chcia\u0142abym, aby ka\u017cdy czytelnik tego artyku\u0142u wiedzia\u0142, to, \u017ceby absolutnie nigdy nie zw\u0105tpi\u0107 w siebie. Wiem, \u017ce mo\u017ce to by\u0107 czasami trudne, ale jedna przegrana runda nie oznacza ca\u0142ego przegranego meczu! ;)) My\u015bl\u0119, \u017ce ka\u017cdy ma w sobie ma\u0142e nasionko, kt\u00f3re tylko czeka na dobry moment, aby rozkwitn\u0105\u0107 i w pe\u0142ni wykorzysta\u0107 sw\u00f3j potencja\u0142. U jednych dzieje si\u0119 to wcze\u015bniej, u drugich troszk\u0119 p\u00f3\u017aniej! Gdybym powiedzia\u0142a 15-letniej sobie, \u017ce za par\u0119 lat b\u0119d\u0119 mieszka\u0142a za granic\u0105, studiuj\u0105c prawo i robi\u0105c to, co kocham, pewnie by mi nie uwierzy\u0142a. A jednak \u2014 jestem tu, gdzie jestem, a tu\u017c za rogiem czeka na mnie jeszcze przeprowadzka <br>na inny kontynent! Dlatego moim przekazem by\u0142oby: aby si\u0119 nigdy nie poddawa\u0107, because only the sky is the limit! \u2661<\/p>\n\n\n\n<p><strong>Dzi\u0119kuj\u0119 za dawk\u0119 inspiracji Gabrysiu. \u017bycz\u0119 ci dalszych mo\u017cliwo\u015bci rozwoju. Dzia\u0142aj z nami dalej!<\/strong><\/p>\n\n\n\n<p>To ja bardzo dzi\u0119kuj\u0119 i mam nadziej\u0119, \u017ce fundacja si\u0119 b\u0119dzie dalej rozwija\u0107!<\/p>\n\n\n<div class=\"wp-block-image\">\n<figure class=\"aligncenter size-large is-resized\"><img loading=\"lazy\" decoding=\"async\" width=\"768\" height=\"1024\" src=\"https:\/\/www.web-korki.pl\/wp-content\/uploads\/2025\/08\/Gabrysia-4-768x1024.jpeg\" alt=\"\" class=\"wp-image-1759\" style=\"width:auto;height:500px\" srcset=\"https:\/\/www.web-korki.pl\/wp-content\/uploads\/2025\/08\/Gabrysia-4-768x1024.jpeg 768w, https:\/\/www.web-korki.pl\/wp-content\/uploads\/2025\/08\/Gabrysia-4-225x300.jpeg 225w, https:\/\/www.web-korki.pl\/wp-content\/uploads\/2025\/08\/Gabrysia-4-1152x1536.jpeg 1152w, https:\/\/www.web-korki.pl\/wp-content\/uploads\/2025\/08\/Gabrysia-4.jpeg 1200w\" sizes=\"auto, (max-width: 768px) 100vw, 768px\" \/><\/figure><\/div>","protected":false},"excerpt":{"rendered":"<p>Historia o tym jak wolontariat popycha do dzia\u0142ania i otwarto\u015bci na przygody. W \u015brodku tak\u017ce szczypta informacji o studiach w<\/p>\n<p><a href=\"https:\/\/www.web-korki.pl\/index.php\/2025\/09\/06\/rozkwit-gabrysi-od-wolontariatu-po-studia-w-holandii\/\" class=\"more-link\">Zobacz wi\u0119cej<span class=\"screen-reader-text\">Rozkwit Gabrysi- od wolontariatu po studia w Holandii<\/span><\/a><\/p>\n","protected":false},"author":1,"featured_media":1760,"comment_status":"closed","ping_status":"closed","sticky":false,"template":"","format":"standard","meta":{"footnotes":""},"categories":[1],"tags":[],"class_list":["post-1751","post","type-post","status-publish","format-standard","has-post-thumbnail","hentry","category-blog"],"yoast_head":"<!-- This site is optimized with the Yoast SEO plugin v17.9 - https:\/\/yoast.com\/wordpress\/plugins\/seo\/ -->\n<title>Rozkwit Gabrysi- od wolontariatu po studia w Holandii - Fundacja Web-korki<\/title>\n<meta name=\"robots\" content=\"index, follow, max-snippet:-1, max-image-preview:large, max-video-preview:-1\" \/>\n<link rel=\"canonical\" href=\"https:\/\/www.web-korki.pl\/index.php\/2025\/09\/06\/rozkwit-gabrysi-od-wolontariatu-po-studia-w-holandii\/\" \/>\n<meta property=\"og:locale\" content=\"pl_PL\" \/>\n<meta property=\"og:type\" content=\"article\" \/>\n<meta property=\"og:title\" content=\"Rozkwit Gabrysi- od wolontariatu po studia w Holandii - Fundacja Web-korki\" \/>\n<meta property=\"og:description\" content=\"Historia o tym jak wolontariat popycha do dzia\u0142ania i otwarto\u015bci na przygody. W \u015brodku tak\u017ce szczypta informacji o studiach wZobacz wi\u0119cejRozkwit Gabrysi- od wolontariatu po studia w Holandii\" \/>\n<meta property=\"og:url\" content=\"https:\/\/www.web-korki.pl\/index.php\/2025\/09\/06\/rozkwit-gabrysi-od-wolontariatu-po-studia-w-holandii\/\" \/>\n<meta property=\"og:site_name\" content=\"Fundacja Web-korki\" \/>\n<meta property=\"article:published_time\" content=\"2025-09-06T12:52:06+00:00\" \/>\n<meta property=\"article:modified_time\" content=\"2025-09-06T12:52:08+00:00\" \/>\n<meta property=\"og:image\" content=\"https:\/\/www.web-korki.pl\/wp-content\/uploads\/2025\/08\/Gabrysia-1.jpeg\" \/>\n\t<meta property=\"og:image:width\" content=\"1152\" \/>\n\t<meta property=\"og:image:height\" content=\"2048\" \/>\n\t<meta property=\"og:image:type\" content=\"image\/jpeg\" \/>\n<meta name=\"twitter:card\" content=\"summary_large_image\" \/>\n<meta name=\"twitter:label1\" content=\"Napisane przez\" \/>\n\t<meta name=\"twitter:data1\" content=\"admin5889\" \/>\n\t<meta name=\"twitter:label2\" content=\"Szacowany czas czytania\" \/>\n\t<meta name=\"twitter:data2\" content=\"6 minut\" \/>\n<script type=\"application\/ld+json\" class=\"yoast-schema-graph\">{\"@context\":\"https:\/\/schema.org\",\"@graph\":[{\"@type\":\"WebSite\",\"@id\":\"https:\/\/www.web-korki.pl\/#website\",\"url\":\"https:\/\/www.web-korki.pl\/\",\"name\":\"Fundacja Web-korki\",\"description\":\"PODARUJMY DZIECIOM SW\\u00d3J CZAS\",\"potentialAction\":[{\"@type\":\"SearchAction\",\"target\":{\"@type\":\"EntryPoint\",\"urlTemplate\":\"https:\/\/www.web-korki.pl\/?s={search_term_string}\"},\"query-input\":\"required name=search_term_string\"}],\"inLanguage\":\"pl-PL\"},{\"@type\":\"ImageObject\",\"@id\":\"https:\/\/www.web-korki.pl\/index.php\/2025\/09\/06\/rozkwit-gabrysi-od-wolontariatu-po-studia-w-holandii\/#primaryimage\",\"inLanguage\":\"pl-PL\",\"url\":\"https:\/\/www.web-korki.pl\/wp-content\/uploads\/2025\/08\/Gabrysia-1.jpeg\",\"contentUrl\":\"https:\/\/www.web-korki.pl\/wp-content\/uploads\/2025\/08\/Gabrysia-1.jpeg\",\"width\":1152,\"height\":2048},{\"@type\":\"WebPage\",\"@id\":\"https:\/\/www.web-korki.pl\/index.php\/2025\/09\/06\/rozkwit-gabrysi-od-wolontariatu-po-studia-w-holandii\/#webpage\",\"url\":\"https:\/\/www.web-korki.pl\/index.php\/2025\/09\/06\/rozkwit-gabrysi-od-wolontariatu-po-studia-w-holandii\/\",\"name\":\"Rozkwit Gabrysi- od wolontariatu po studia w Holandii - Fundacja Web-korki\",\"isPartOf\":{\"@id\":\"https:\/\/www.web-korki.pl\/#website\"},\"primaryImageOfPage\":{\"@id\":\"https:\/\/www.web-korki.pl\/index.php\/2025\/09\/06\/rozkwit-gabrysi-od-wolontariatu-po-studia-w-holandii\/#primaryimage\"},\"datePublished\":\"2025-09-06T12:52:06+00:00\",\"dateModified\":\"2025-09-06T12:52:08+00:00\",\"author\":{\"@id\":\"https:\/\/www.web-korki.pl\/#\/schema\/person\/314c39f3493021bd94a9dceaec288b12\"},\"breadcrumb\":{\"@id\":\"https:\/\/www.web-korki.pl\/index.php\/2025\/09\/06\/rozkwit-gabrysi-od-wolontariatu-po-studia-w-holandii\/#breadcrumb\"},\"inLanguage\":\"pl-PL\",\"potentialAction\":[{\"@type\":\"ReadAction\",\"target\":[\"https:\/\/www.web-korki.pl\/index.php\/2025\/09\/06\/rozkwit-gabrysi-od-wolontariatu-po-studia-w-holandii\/\"]}]},{\"@type\":\"BreadcrumbList\",\"@id\":\"https:\/\/www.web-korki.pl\/index.php\/2025\/09\/06\/rozkwit-gabrysi-od-wolontariatu-po-studia-w-holandii\/#breadcrumb\",\"itemListElement\":[{\"@type\":\"ListItem\",\"position\":1,\"name\":\"Strona g\\u0142\\u00f3wna\",\"item\":\"https:\/\/www.web-korki.pl\/\"},{\"@type\":\"ListItem\",\"position\":2,\"name\":\"Rozkwit Gabrysi- od wolontariatu po studia w Holandii\"}]},{\"@type\":\"Person\",\"@id\":\"https:\/\/www.web-korki.pl\/#\/schema\/person\/314c39f3493021bd94a9dceaec288b12\",\"name\":\"admin5889\",\"image\":{\"@type\":\"ImageObject\",\"@id\":\"https:\/\/www.web-korki.pl\/#personlogo\",\"inLanguage\":\"pl-PL\",\"url\":\"https:\/\/secure.gravatar.com\/avatar\/4b9b69db765139b70fcadd78f90d7cd4ad26130c5337cd00587efe4dfec676ee?s=96&d=mm&r=g\",\"contentUrl\":\"https:\/\/secure.gravatar.com\/avatar\/4b9b69db765139b70fcadd78f90d7cd4ad26130c5337cd00587efe4dfec676ee?s=96&d=mm&r=g\",\"caption\":\"admin5889\"},\"sameAs\":[\"http:\/\/www.web-korki.pl\"],\"url\":\"https:\/\/www.web-korki.pl\/index.php\/author\/admin5889\/\"}]}<\/script>\n<!-- \/ Yoast SEO plugin. -->","yoast_head_json":{"title":"Rozkwit Gabrysi- od wolontariatu po studia w Holandii - Fundacja Web-korki","robots":{"index":"index","follow":"follow","max-snippet":"max-snippet:-1","max-image-preview":"max-image-preview:large","max-video-preview":"max-video-preview:-1"},"canonical":"https:\/\/www.web-korki.pl\/index.php\/2025\/09\/06\/rozkwit-gabrysi-od-wolontariatu-po-studia-w-holandii\/","og_locale":"pl_PL","og_type":"article","og_title":"Rozkwit Gabrysi- od wolontariatu po studia w Holandii - Fundacja Web-korki","og_description":"Historia o tym jak wolontariat popycha do dzia\u0142ania i otwarto\u015bci na przygody. W \u015brodku tak\u017ce szczypta informacji o studiach wZobacz wi\u0119cejRozkwit Gabrysi- od wolontariatu po studia w Holandii","og_url":"https:\/\/www.web-korki.pl\/index.php\/2025\/09\/06\/rozkwit-gabrysi-od-wolontariatu-po-studia-w-holandii\/","og_site_name":"Fundacja Web-korki","article_published_time":"2025-09-06T12:52:06+00:00","article_modified_time":"2025-09-06T12:52:08+00:00","og_image":[{"width":1152,"height":2048,"url":"https:\/\/www.web-korki.pl\/wp-content\/uploads\/2025\/08\/Gabrysia-1.jpeg","type":"image\/jpeg"}],"twitter_card":"summary_large_image","twitter_misc":{"Napisane przez":"admin5889","Szacowany czas czytania":"6 minut"},"schema":{"@context":"https:\/\/schema.org","@graph":[{"@type":"WebSite","@id":"https:\/\/www.web-korki.pl\/#website","url":"https:\/\/www.web-korki.pl\/","name":"Fundacja Web-korki","description":"PODARUJMY DZIECIOM SW\u00d3J CZAS","potentialAction":[{"@type":"SearchAction","target":{"@type":"EntryPoint","urlTemplate":"https:\/\/www.web-korki.pl\/?s={search_term_string}"},"query-input":"required name=search_term_string"}],"inLanguage":"pl-PL"},{"@type":"ImageObject","@id":"https:\/\/www.web-korki.pl\/index.php\/2025\/09\/06\/rozkwit-gabrysi-od-wolontariatu-po-studia-w-holandii\/#primaryimage","inLanguage":"pl-PL","url":"https:\/\/www.web-korki.pl\/wp-content\/uploads\/2025\/08\/Gabrysia-1.jpeg","contentUrl":"https:\/\/www.web-korki.pl\/wp-content\/uploads\/2025\/08\/Gabrysia-1.jpeg","width":1152,"height":2048},{"@type":"WebPage","@id":"https:\/\/www.web-korki.pl\/index.php\/2025\/09\/06\/rozkwit-gabrysi-od-wolontariatu-po-studia-w-holandii\/#webpage","url":"https:\/\/www.web-korki.pl\/index.php\/2025\/09\/06\/rozkwit-gabrysi-od-wolontariatu-po-studia-w-holandii\/","name":"Rozkwit Gabrysi- od wolontariatu po studia w Holandii - Fundacja Web-korki","isPartOf":{"@id":"https:\/\/www.web-korki.pl\/#website"},"primaryImageOfPage":{"@id":"https:\/\/www.web-korki.pl\/index.php\/2025\/09\/06\/rozkwit-gabrysi-od-wolontariatu-po-studia-w-holandii\/#primaryimage"},"datePublished":"2025-09-06T12:52:06+00:00","dateModified":"2025-09-06T12:52:08+00:00","author":{"@id":"https:\/\/www.web-korki.pl\/#\/schema\/person\/314c39f3493021bd94a9dceaec288b12"},"breadcrumb":{"@id":"https:\/\/www.web-korki.pl\/index.php\/2025\/09\/06\/rozkwit-gabrysi-od-wolontariatu-po-studia-w-holandii\/#breadcrumb"},"inLanguage":"pl-PL","potentialAction":[{"@type":"ReadAction","target":["https:\/\/www.web-korki.pl\/index.php\/2025\/09\/06\/rozkwit-gabrysi-od-wolontariatu-po-studia-w-holandii\/"]}]},{"@type":"BreadcrumbList","@id":"https:\/\/www.web-korki.pl\/index.php\/2025\/09\/06\/rozkwit-gabrysi-od-wolontariatu-po-studia-w-holandii\/#breadcrumb","itemListElement":[{"@type":"ListItem","position":1,"name":"Strona g\u0142\u00f3wna","item":"https:\/\/www.web-korki.pl\/"},{"@type":"ListItem","position":2,"name":"Rozkwit Gabrysi- od wolontariatu po studia w Holandii"}]},{"@type":"Person","@id":"https:\/\/www.web-korki.pl\/#\/schema\/person\/314c39f3493021bd94a9dceaec288b12","name":"admin5889","image":{"@type":"ImageObject","@id":"https:\/\/www.web-korki.pl\/#personlogo","inLanguage":"pl-PL","url":"https:\/\/secure.gravatar.com\/avatar\/4b9b69db765139b70fcadd78f90d7cd4ad26130c5337cd00587efe4dfec676ee?s=96&d=mm&r=g","contentUrl":"https:\/\/secure.gravatar.com\/avatar\/4b9b69db765139b70fcadd78f90d7cd4ad26130c5337cd00587efe4dfec676ee?s=96&d=mm&r=g","caption":"admin5889"},"sameAs":["http:\/\/www.web-korki.pl"],"url":"https:\/\/www.web-korki.pl\/index.php\/author\/admin5889\/"}]}},"_links":{"self":[{"href":"https:\/\/www.web-korki.pl\/index.php\/wp-json\/wp\/v2\/posts\/1751","targetHints":{"allow":["GET"]}}],"collection":[{"href":"https:\/\/www.web-korki.pl\/index.php\/wp-json\/wp\/v2\/posts"}],"about":[{"href":"https:\/\/www.web-korki.pl\/index.php\/wp-json\/wp\/v2\/types\/post"}],"author":[{"embeddable":true,"href":"https:\/\/www.web-korki.pl\/index.php\/wp-json\/wp\/v2\/users\/1"}],"replies":[{"embeddable":true,"href":"https:\/\/www.web-korki.pl\/index.php\/wp-json\/wp\/v2\/comments?post=1751"}],"version-history":[{"count":2,"href":"https:\/\/www.web-korki.pl\/index.php\/wp-json\/wp\/v2\/posts\/1751\/revisions"}],"predecessor-version":[{"id":1762,"href":"https:\/\/www.web-korki.pl\/index.php\/wp-json\/wp\/v2\/posts\/1751\/revisions\/1762"}],"wp:featuredmedia":[{"embeddable":true,"href":"https:\/\/www.web-korki.pl\/index.php\/wp-json\/wp\/v2\/media\/1760"}],"wp:attachment":[{"href":"https:\/\/www.web-korki.pl\/index.php\/wp-json\/wp\/v2\/media?parent=1751"}],"wp:term":[{"taxonomy":"category","embeddable":true,"href":"https:\/\/www.web-korki.pl\/index.php\/wp-json\/wp\/v2\/categories?post=1751"},{"taxonomy":"post_tag","embeddable":true,"href":"https:\/\/www.web-korki.pl\/index.php\/wp-json\/wp\/v2\/tags?post=1751"}],"curies":[{"name":"wp","href":"https:\/\/api.w.org\/{rel}","templated":true}]}}