{"id":828,"date":"2022-04-23T11:45:42","date_gmt":"2022-04-23T11:45:42","guid":{"rendered":"https:\/\/www.web-korki.pl\/?p=828"},"modified":"2022-04-23T12:13:59","modified_gmt":"2022-04-23T12:13:59","slug":"paula-nie-paulina-paula-w-puerto-rico","status":"publish","type":"post","link":"https:\/\/www.web-korki.pl\/index.php\/2022\/04\/23\/paula-nie-paulina-paula-w-puerto-rico\/","title":{"rendered":"&#8222;Paula nie Paulina&#8221; &#8211; Paula w Puerto Rico"},"content":{"rendered":"\n<figure class=\"wp-block-image size-large\"><img loading=\"lazy\" decoding=\"async\" width=\"1024\" height=\"682\" src=\"https:\/\/www.web-korki.pl\/wp-content\/uploads\/2022\/04\/blog1-1024x682.jpg\" alt=\"\" class=\"wp-image-838\" srcset=\"https:\/\/www.web-korki.pl\/wp-content\/uploads\/2022\/04\/blog1-1024x682.jpg 1024w, https:\/\/www.web-korki.pl\/wp-content\/uploads\/2022\/04\/blog1-300x200.jpg 300w, https:\/\/www.web-korki.pl\/wp-content\/uploads\/2022\/04\/blog1-768x512.jpg 768w, https:\/\/www.web-korki.pl\/wp-content\/uploads\/2022\/04\/blog1-507x338.jpg 507w, https:\/\/www.web-korki.pl\/wp-content\/uploads\/2022\/04\/blog1.jpg 1280w\" sizes=\"auto, (max-width: 1024px) 100vw, 1024px\" \/><\/figure>\n\n\n\n<p>Absolwentka globalnego biznesu, finans\u00f3w i zarz\u0105dzania w Szkole G\u0142\u00f3wnej Handlowej; wielbicielka j\u0119zyk\u00f3w pochodzenia roma\u0144skiego, pracuj\u0105ca w marketingu. W wolnym czasie zwiedza \u015bwiat, uprawia sport i zatraca si\u0119 w fantastyce. W przysz\u0142o\u015bci swoj\u0105 karier\u0119 zawodow\u0105 zamierza zwi\u0105za\u0107 z ONZ. Poznajcie Paul\u0119!<\/p>\n\n\n\n<p><strong>Paula nie Paulina, prawda?<\/strong><\/p>\n\n\n\n<p>Tak, najpierw mia\u0142am by\u0107 Wiktori\u0105, ale mojej babci nie spodoba\u0142o si\u0119 to imi\u0119. Moja mama postanowi\u0142a wi\u0119c nazwa\u0107 mnie bardziej nietypowo, wi\u0119c jestem Paula. Ale my\u015bl\u0119, \u017ce to imi\u0119 dobrze mnie okre\u015bla; zawsze chodz\u0119 w\u0142asnymi \u015bcie\u017ckami i nie ukrywam, \u017ce bycie Paul\u0105 a nie Paulin\u0105 u\u0142atwia spraw\u0119 w czasie podr\u00f3\u017cy, wi\u0119c mo\u017ce mama co\u015b przeczu\u0142a.<\/p>\n\n\n\n<p><strong>To prawda, mamy maj\u0105 dobre przeczucia. Zacznijmy jednak od naszego wsp\u00f3lnego punktu odniesienia, fundacji Web-korki, od kiedy zasilasz jej szeregi?<\/strong><\/p>\n\n\n\n<p>To jest do\u015b\u0107 \u015bwie\u017ca sprawa, do\u0142\u0105czy\u0142am w marcu i do tej pory mia\u0142am kilka zaj\u0119\u0107. My\u015bl\u0119, \u017ce jest to nowa przygoda, na kt\u00f3r\u0105 bardzo si\u0119 ciesz\u0119.<\/p>\n\n\n\n<p><strong>W takim razie z czego udzielasz korepetycji i komu?<\/strong><\/p>\n\n\n\n<p>Udzielam kork\u00f3w z j\u0119zyka angielskiego, jednemu z naszych podopiecznych, kt\u00f3ry uczy si\u0119 w si\u00f3dmej klasie.<\/p>\n\n\n\n<p><strong>Masz jaki\u015b spos\u00f3b na prowadzenie zaj\u0119\u0107 z angielskiego?<\/strong><\/p>\n\n\n\n<p>Co zaj\u0119cia pr\u00f3buj\u0119 czego\u015b nowego. Jeszcze nie znalaz\u0142am z\u0142otego \u015brodka. Oczywi\u015bcie uczymy si\u0119 za pomoc\u0105 Kahoota, Quizleta, Wordwalla. Staram si\u0119 te\u017c \u201ezanurza\u0107\u201d uczni\u00f3w w danej kulturze np. ogl\u0105da\u0107 filmiki w tym j\u0119zyku. Takie zaj\u0119cia s\u0105 bardziej anga\u017cuj\u0105ce.<\/p>\n\n\n\n<p><strong>Jest wiele wolontariat\u00f3w w Polsce, w kt\u00f3re mo\u017cna si\u0119 zaanga\u017cowa\u0107. Dlaczego Web-korki?<\/strong><\/p>\n\n\n\n<p>Jaki\u015b czas temu, gdy przegl\u0105da\u0142am Facebooka, zobaczy\u0142am, \u017ce jedna z firm udost\u0119pni\u0142a informacje o Web-Korkach. I wtedy jako\u015b si\u0119 tym tak zainteresowa\u0142am. Wiedzia\u0142am, \u017ce mog\u0119 wykorzysta\u0107 moje kompetencje i zasili\u0107 szeregi tej fundacji, tym bardziej, \u017ce jest to m\u0142oda inicjatywa, kt\u00f3r\u0105 stwierdzi\u0142am, \u017ce warto wspiera\u0107.<\/p>\n\n\n\n<p><strong>Nie jest to jednak Twoja pierwsza przygoda z wolontariatem?<\/strong><\/p>\n\n\n\n<p>Oj nie, zacz\u0119\u0142o si\u0119 ju\u017c w drugiej klasie podstaw\u00f3wki. To by\u0142 okres, kiedy by\u0142am harcerk\u0105. Robili\u015bmy wtedy zbi\u00f3rki dla WO\u015aP i pakowali\u015bmy zakupy, zbieraj\u0105c na cele charytatywne. Takie ma\u0142e drobnostki.<\/p>\n\n\n\n<p>Potem by\u0142am wolontariuszk\u0105 w schronisku dla zwierz\u0105t i na wydarzeniach sportowych. Moje zami\u0142owanie do j\u0119zyk\u00f3w sprawi\u0142o, \u017ce naturalne by\u0142o dla mnie, rozpocz\u0119cie przygody z wolontariatem zagranicznym i tak si\u0119 sta\u0142o. Pierwszy z nich by\u0142 w Czarnog\u00f3rze, organizowany przez AIESEC. Promowali\u015bmy na nim turystyk\u0119 tego kraju, tworz\u0105c bloga, materia\u0142y zdj\u0119ciowe i video. Nast\u0119pnie by\u0142a wsp\u00f3\u0142praca z organizacj\u0105 All Hands and Hearts, kt\u00f3ra zajmuje si\u0119 odpowiadaniem na skutki katastrof naturalnych. U mnie to by\u0142 projekt w Puerto Rico, gdzie huragany Irma i Maria zniszczy\u0142y zabudowania mieszkalne tamtejszej ludno\u015bci. I cho\u0107 by\u0142am tam dwa lata po tych zdarzeniach, nadal pami\u0119tam jeden dom. Ogromny. Mieszka\u0142 tam starszy pan z trzema psami. Na zewn\u0105trz dom wygl\u0105da\u0142 bardzo \u0142adnie, ale kiedy wesz\u0142o si\u0119 do \u015brodka, sufit w ka\u017cdym pomieszczeniu pokryty by\u0142 ple\u015bni\u0105. Wina kry\u0142a si\u0119 za zniszczonym i przeciekaj\u0105cym dachem oraz w du\u017cej wilgotno\u015bci powietrza. Kiedy pada\u0142o wiadrami mo\u017cna by\u0142o zbiera\u0107 wod\u0119 z tego domu.<\/p>\n\n\n\n<p>My, wolontariusze, byli\u015bmy wi\u0119c tam pod opiek\u0105 pracownik\u00f3w technicznych organizacji i po odbytym szkoleniu, pomagali\u015bmy im. Mia\u0142am tam sp\u0119dzi\u0107 dwa tygodnie, a zosta\u0142am p\u00f3\u0142 roku i wtedy te\u017c wiedzia\u0142am, \u017ce chcia\u0142abym jeszcze wsp\u00f3\u0142pracowa\u0107 z t\u0105 organizacj\u0105.<\/p>\n\n\n\n<figure class=\"wp-block-image size-large\"><img loading=\"lazy\" decoding=\"async\" width=\"1024\" height=\"537\" src=\"https:\/\/www.web-korki.pl\/wp-content\/uploads\/2022\/04\/blog2-1024x537.jpg\" alt=\"\" class=\"wp-image-837\" srcset=\"https:\/\/www.web-korki.pl\/wp-content\/uploads\/2022\/04\/blog2-1024x537.jpg 1024w, https:\/\/www.web-korki.pl\/wp-content\/uploads\/2022\/04\/blog2-300x157.jpg 300w, https:\/\/www.web-korki.pl\/wp-content\/uploads\/2022\/04\/blog2-768x402.jpg 768w, https:\/\/www.web-korki.pl\/wp-content\/uploads\/2022\/04\/blog2.jpg 1374w\" sizes=\"auto, (max-width: 1024px) 100vw, 1024px\" \/><\/figure>\n\n\n\n<p><strong>Uda\u0142o si\u0119?<\/strong><\/p>\n\n\n\n<p>Tak, tym razem wspiera\u0142am&nbsp; ich dzia\u0142 marketingu. Trwa\u0142o to dziesi\u0119\u0107 miesi\u0119cy, pomaga\u0142am przy projektach, mia\u0142am nawet jeden sw\u00f3j. Ale po tym czasie nadal nie chcia\u0142am opuszcza\u0107 tej organizacji. Okaza\u0142o si\u0119, \u017ce jest mo\u017cliwo\u015b\u0107 wyjazdu do Gwatemali. Zgodzi\u0142am si\u0119! Najpierw pracowa\u0142am tam przy fundraisingu i organizacji wydarze\u0144, a nast\u0119pnie sprawowa\u0142am opiek\u0119 nad wolontariuszami.<\/p>\n\n\n\n<figure class=\"wp-block-image size-large\"><img loading=\"lazy\" decoding=\"async\" width=\"1024\" height=\"576\" src=\"https:\/\/www.web-korki.pl\/wp-content\/uploads\/2022\/04\/Blog3-1024x576.jpg\" alt=\"\" class=\"wp-image-836\" srcset=\"https:\/\/www.web-korki.pl\/wp-content\/uploads\/2022\/04\/Blog3-1024x576.jpg 1024w, https:\/\/www.web-korki.pl\/wp-content\/uploads\/2022\/04\/Blog3-300x169.jpg 300w, https:\/\/www.web-korki.pl\/wp-content\/uploads\/2022\/04\/Blog3-768x432.jpg 768w, https:\/\/www.web-korki.pl\/wp-content\/uploads\/2022\/04\/Blog3.jpg 1280w\" sizes=\"auto, (max-width: 1024px) 100vw, 1024px\" \/><\/figure>\n\n\n\n<p><strong>Dlaczego akurat wolontariat jest tak wa\u017cn\u0105 cz\u0119\u015bci\u0105 twojego \u017cycia? Co Ci\u0119 w nim przyci\u0105ga: ludzie, mo\u017cliwo\u015b\u0107 zdobycia do\u015bwiadczenia, sam akt pomocy?<\/strong><\/p>\n\n\n\n<p>Wed\u0142ug test\u00f3w osobowo\u015bci jestem mediatorem, czyli osob\u0105, kt\u00f3ra jest wra\u017cliwa, emocjonalna, dlatego te\u017c pewnie posiadam naturaln\u0105 ch\u0119\u0107 do niesienia pomocy. Du\u017co te\u017c wynios\u0142am od rodzic\u00f3w, kt\u00f3rzy wychowali mnie w ten spos\u00f3b i pokazywali swoje zaanga\u017cowanie w pomoc innym. W pewnym do\u015b\u0107 trudnym dla mnie okresie, kiedy zmaga\u0142am si\u0119 z depresj\u0105 to w\u0142a\u015bnie pomoc niesiona innym, skupienie si\u0119 na drugim cz\u0142owieku, ma\u0142e gesty tj. u\u015bmiech, pozwoli\u0142y mi na wyleczenie si\u0119 tej choroby.<\/p>\n\n\n\n<figure class=\"wp-block-image size-large\"><img loading=\"lazy\" decoding=\"async\" width=\"1024\" height=\"736\" src=\"https:\/\/www.web-korki.pl\/wp-content\/uploads\/2022\/04\/Blog4-1024x736.jpg\" alt=\"\" class=\"wp-image-835\" srcset=\"https:\/\/www.web-korki.pl\/wp-content\/uploads\/2022\/04\/Blog4-1024x736.jpg 1024w, https:\/\/www.web-korki.pl\/wp-content\/uploads\/2022\/04\/Blog4-300x216.jpg 300w, https:\/\/www.web-korki.pl\/wp-content\/uploads\/2022\/04\/Blog4-768x552.jpg 768w, https:\/\/www.web-korki.pl\/wp-content\/uploads\/2022\/04\/Blog4-1536x1104.jpg 1536w, https:\/\/www.web-korki.pl\/wp-content\/uploads\/2022\/04\/Blog4.jpg 1681w\" sizes=\"auto, (max-width: 1024px) 100vw, 1024px\" \/><\/figure>\n\n\n\n<p><strong>Czy wolontariat Ci\u0119 zmieni\u0142?<\/strong><\/p>\n\n\n\n<p>Po pobycie w Gwatemali i Puerto Rico moje postrzeganie wolontariatu i pomocy si\u0119 zmieni\u0142o. Nigdy nie by\u0142am osob\u0105 z tzw. \u201ebogatego domu\u201d i nie mia\u0142am tym samym wielkich mo\u017cliwo\u015bci, ale patrz\u0105c na to co mam ja (cho\u0107 na te czasy to i tak nie jest du\u017co) i por\u00f3wnuj\u0105c to do innych, gdzie np. w Gwatemali jest problem z dost\u0119pem do wody pitnej, zacz\u0119\u0142am docenia\u0107 to na co ja mog\u0119 sobie pozwoli\u0107. Teraz chc\u0119 si\u0119 przyczyni\u0107 do tego aby inni mieli lepiej.<\/p>\n\n\n\n<figure class=\"wp-block-image size-large\"><img loading=\"lazy\" decoding=\"async\" width=\"1024\" height=\"693\" src=\"https:\/\/www.web-korki.pl\/wp-content\/uploads\/2022\/04\/Blog5-1024x693.jpg\" alt=\"\" class=\"wp-image-834\" srcset=\"https:\/\/www.web-korki.pl\/wp-content\/uploads\/2022\/04\/Blog5-1024x693.jpg 1024w, https:\/\/www.web-korki.pl\/wp-content\/uploads\/2022\/04\/Blog5-300x203.jpg 300w, https:\/\/www.web-korki.pl\/wp-content\/uploads\/2022\/04\/Blog5-768x520.jpg 768w, https:\/\/www.web-korki.pl\/wp-content\/uploads\/2022\/04\/Blog5.jpg 1281w\" sizes=\"auto, (max-width: 1024px) 100vw, 1024px\" \/><\/figure>\n\n\n\n<p><strong>To pi\u0119kne. Du\u017co podr\u00f3\u017cujesz i to nie tylko w ramach wolontariatu, jaki jest Tw\u00f3j ulubiony kierunek?<\/strong><\/p>\n\n\n\n<p>Na pewno Nowa Zelandia. Tam odby\u0142am moj\u0105 pierwsz\u0105, d\u0142u\u017csz\u0105, samodzieln\u0105 podr\u00f3\u017c. I je\u015bli jeste\u015bcie fanami \u201eW\u0142adcy Pier\u015bcieni\u201d, jak ja, tam znajdziecie swoje \u015ar\u00f3dziemie. Uwielbiam te\u017c Peru, kt\u00f3re ma niesamowit\u0105 kultur\u0119, mieszka\u0144c\u00f3w, widoki.<\/p>\n\n\n\n<figure class=\"wp-block-image size-large\"><img loading=\"lazy\" decoding=\"async\" width=\"1024\" height=\"689\" src=\"https:\/\/www.web-korki.pl\/wp-content\/uploads\/2022\/04\/Blog6-1024x689.jpg\" alt=\"\" class=\"wp-image-833\" srcset=\"https:\/\/www.web-korki.pl\/wp-content\/uploads\/2022\/04\/Blog6-1024x689.jpg 1024w, https:\/\/www.web-korki.pl\/wp-content\/uploads\/2022\/04\/Blog6-300x202.jpg 300w, https:\/\/www.web-korki.pl\/wp-content\/uploads\/2022\/04\/Blog6-768x517.jpg 768w, https:\/\/www.web-korki.pl\/wp-content\/uploads\/2022\/04\/Blog6.jpg 1387w\" sizes=\"auto, (max-width: 1024px) 100vw, 1024px\" \/><\/figure>\n\n\n\n<p><strong>Po podr\u00f3\u017cach, wolontariacie, pracy jak odpoczywasz?<\/strong><\/p>\n\n\n\n<p>To jest trudne pytanie, gdy\u017c mam tendencj\u0119 do zwalania sobie wielu rzeczy na g\u0142ow\u0119. Odpoczywam w weekendy, w tygodniu nie pozwala mi na to praca. Wtedy obowi\u0105zkowo samotne wyj\u015bcie do lasu, sport (joga, stretching, akrobatyka), czytanie ksi\u0105\u017cek i spotykanie si\u0119 ze znajomymi. Jestem te\u017c pisarzem amatorem.<\/p>\n\n\n\n<figure class=\"wp-block-image size-large\"><img loading=\"lazy\" decoding=\"async\" width=\"1024\" height=\"576\" src=\"https:\/\/www.web-korki.pl\/wp-content\/uploads\/2022\/04\/Blog7-1024x576.jpg\" alt=\"\" class=\"wp-image-832\" srcset=\"https:\/\/www.web-korki.pl\/wp-content\/uploads\/2022\/04\/Blog7-1024x576.jpg 1024w, https:\/\/www.web-korki.pl\/wp-content\/uploads\/2022\/04\/Blog7-300x169.jpg 300w, https:\/\/www.web-korki.pl\/wp-content\/uploads\/2022\/04\/Blog7-768x432.jpg 768w, https:\/\/www.web-korki.pl\/wp-content\/uploads\/2022\/04\/Blog7.jpg 1280w\" sizes=\"auto, (max-width: 1024px) 100vw, 1024px\" \/><\/figure>\n\n\n\n<p><strong>O to bardzo ciekawe zaj\u0119cie! Jak\u0105 swoj\u0105 ksi\u0105\u017ck\u0119 chcia\u0142aby\u015b wyda\u0107?<\/strong><\/p>\n\n\n\n<p>W pierwszej kolejno\u015bci ksi\u0105\u017ck\u0119 o przygodach z podr\u00f3\u017cy. Tym bardziej, \u017ce przyci\u0105gam dziwne sytuacje, gdy odwiedzam r\u00f3\u017cne kraje. Ale te\u017c ksi\u0105\u017ck\u0119 fantasy, bo serce zosta\u0142o jeszcze w dzieci\u0144stwie i nie chce si\u0119 ruszy\u0107 z tego \u015bwiata.<\/p>\n\n\n\n<figure class=\"wp-block-image size-large\"><img loading=\"lazy\" decoding=\"async\" width=\"1024\" height=\"576\" src=\"https:\/\/www.web-korki.pl\/wp-content\/uploads\/2022\/04\/Blog8-1024x576.jpg\" alt=\"\" class=\"wp-image-831\" srcset=\"https:\/\/www.web-korki.pl\/wp-content\/uploads\/2022\/04\/Blog8-1024x576.jpg 1024w, https:\/\/www.web-korki.pl\/wp-content\/uploads\/2022\/04\/Blog8-300x169.jpg 300w, https:\/\/www.web-korki.pl\/wp-content\/uploads\/2022\/04\/Blog8-768x432.jpg 768w, https:\/\/www.web-korki.pl\/wp-content\/uploads\/2022\/04\/Blog8.jpg 1387w\" sizes=\"auto, (max-width: 1024px) 100vw, 1024px\" \/><\/figure>\n\n\n\n<p><strong>Licz\u0119, \u017ce wkr\u00f3tce przeczytam, kt\u00f3r\u0105\u015b z Twoich ksi\u0105\u017cek! Jaki jest wi\u0119c Tw\u00f3j autorytet? Masz kogo\u015b takiego?<\/strong><\/p>\n\n\n\n<p>W kwestii politycznej jest to Jacinda Ardern, premier Nowej Zelandii, kt\u00f3ra wed\u0142ug mnie jest niesamowit\u0105 kobiet\u0105, potrafi\u0105c\u0105 \u0142\u0105czy\u0107 kwestie zawodowe i prywatne. R\u00f3wnie\u017c Martyna Wojciechowska \u2013 jej podr\u00f3\u017ce, kobieco\u015b\u0107, pokonywanie w\u0142asnych granic i udowadnianie, \u017ce niemo\u017cliwe nie istnieje. O i jedyny rodzynek w tym towarzystwie \u2013 Robert Kara\u015b \u2013 m\u00f3j autorytet sportowy.<\/p>\n\n\n\n<p><strong>Pi\u0119kny zestaw! Bardzo r\u00f3\u017cnorodny! \u017bycz\u0119 Ci powodzenia w realizacji dalszych cel\u00f3w i dzi\u0119kuj\u0119 Ci za t\u0119 inspiruj\u0105c\u0105 rozmow\u0119!<\/strong><\/p>\n\n\n\n<h6 class=\"wp-block-heading\">Rozmawia\u0142a: Anna Kowalczyk \u2013 wolontariuszka fundacji Web-korki, absolwentka IV Liceum Og\u00f3lnokszta\u0142c\u0105cego z Oddzia\u0142ami Dwuj\u0119zycznymi im. dra Tytusa Cha\u0142ubi\u0144skiego w Radomiu. Trzykrotnie redaktorka na Mi\u0119dzynarodowym Festiwalu Gombrowiczowskim. Finalistka konkursu eseistycznego \u201eJa, Polska, Europa, \u015awiat w 2040\u201d, organizowanego przez Concilium Civitas.<\/h6>\n","protected":false},"excerpt":{"rendered":"<p>Absolwentka globalnego biznesu, finans\u00f3w i zarz\u0105dzania w Szkole G\u0142\u00f3wnej Handlowej; wielbicielka j\u0119zyk\u00f3w pochodzenia roma\u0144skiego, pracuj\u0105ca w marketingu. W wolnym czasie<\/p>\n<p><a href=\"https:\/\/www.web-korki.pl\/index.php\/2022\/04\/23\/paula-nie-paulina-paula-w-puerto-rico\/\" class=\"more-link\">Zobacz wi\u0119cej<span class=\"screen-reader-text\">&#8222;Paula nie Paulina&#8221; &#8211; Paula w Puerto Rico<\/span><\/a><\/p>\n","protected":false},"author":1,"featured_media":838,"comment_status":"closed","ping_status":"","sticky":false,"template":"","format":"standard","meta":{"footnotes":""},"categories":[1],"tags":[],"class_list":["post-828","post","type-post","status-publish","format-standard","has-post-thumbnail","hentry","category-blog"],"yoast_head":"<!-- This site is optimized with the Yoast SEO plugin v17.9 - https:\/\/yoast.com\/wordpress\/plugins\/seo\/ -->\n<title>&quot;Paula nie Paulina&quot; - Paula w Puerto Rico - Fundacja Web-korki<\/title>\n<meta name=\"robots\" content=\"index, follow, max-snippet:-1, max-image-preview:large, max-video-preview:-1\" \/>\n<link rel=\"canonical\" href=\"https:\/\/www.web-korki.pl\/index.php\/2022\/04\/23\/paula-nie-paulina-paula-w-puerto-rico\/\" \/>\n<meta property=\"og:locale\" content=\"pl_PL\" \/>\n<meta property=\"og:type\" content=\"article\" \/>\n<meta property=\"og:title\" content=\"&quot;Paula nie Paulina&quot; - Paula w Puerto Rico - Fundacja Web-korki\" \/>\n<meta property=\"og:description\" content=\"Absolwentka globalnego biznesu, finans\u00f3w i zarz\u0105dzania w Szkole G\u0142\u00f3wnej Handlowej; wielbicielka j\u0119zyk\u00f3w pochodzenia roma\u0144skiego, pracuj\u0105ca w marketingu. W wolnym czasieZobacz wi\u0119cej&#8222;Paula nie Paulina&#8221; &#8211; Paula w Puerto Rico\" \/>\n<meta property=\"og:url\" content=\"https:\/\/www.web-korki.pl\/index.php\/2022\/04\/23\/paula-nie-paulina-paula-w-puerto-rico\/\" \/>\n<meta property=\"og:site_name\" content=\"Fundacja Web-korki\" \/>\n<meta property=\"article:published_time\" content=\"2022-04-23T11:45:42+00:00\" \/>\n<meta property=\"article:modified_time\" content=\"2022-04-23T12:13:59+00:00\" \/>\n<meta property=\"og:image\" content=\"https:\/\/www.web-korki.pl\/wp-content\/uploads\/2022\/04\/blog1.jpg\" \/>\n\t<meta property=\"og:image:width\" content=\"1280\" \/>\n\t<meta property=\"og:image:height\" content=\"853\" \/>\n\t<meta property=\"og:image:type\" content=\"image\/jpeg\" \/>\n<meta name=\"twitter:card\" content=\"summary_large_image\" \/>\n<meta name=\"twitter:label1\" content=\"Napisane przez\" \/>\n\t<meta name=\"twitter:data1\" content=\"admin5889\" \/>\n\t<meta name=\"twitter:label2\" content=\"Szacowany czas czytania\" \/>\n\t<meta name=\"twitter:data2\" content=\"6 minut\" \/>\n<script type=\"application\/ld+json\" class=\"yoast-schema-graph\">{\"@context\":\"https:\/\/schema.org\",\"@graph\":[{\"@type\":\"WebSite\",\"@id\":\"https:\/\/www.web-korki.pl\/#website\",\"url\":\"https:\/\/www.web-korki.pl\/\",\"name\":\"Fundacja Web-korki\",\"description\":\"PODARUJMY DZIECIOM SW\\u00d3J CZAS\",\"potentialAction\":[{\"@type\":\"SearchAction\",\"target\":{\"@type\":\"EntryPoint\",\"urlTemplate\":\"https:\/\/www.web-korki.pl\/?s={search_term_string}\"},\"query-input\":\"required name=search_term_string\"}],\"inLanguage\":\"pl-PL\"},{\"@type\":\"ImageObject\",\"@id\":\"https:\/\/www.web-korki.pl\/index.php\/2022\/04\/23\/paula-nie-paulina-paula-w-puerto-rico\/#primaryimage\",\"inLanguage\":\"pl-PL\",\"url\":\"https:\/\/www.web-korki.pl\/wp-content\/uploads\/2022\/04\/blog1.jpg\",\"contentUrl\":\"https:\/\/www.web-korki.pl\/wp-content\/uploads\/2022\/04\/blog1.jpg\",\"width\":1280,\"height\":853},{\"@type\":\"WebPage\",\"@id\":\"https:\/\/www.web-korki.pl\/index.php\/2022\/04\/23\/paula-nie-paulina-paula-w-puerto-rico\/#webpage\",\"url\":\"https:\/\/www.web-korki.pl\/index.php\/2022\/04\/23\/paula-nie-paulina-paula-w-puerto-rico\/\",\"name\":\"\\\"Paula nie Paulina\\\" - Paula w Puerto Rico - Fundacja Web-korki\",\"isPartOf\":{\"@id\":\"https:\/\/www.web-korki.pl\/#website\"},\"primaryImageOfPage\":{\"@id\":\"https:\/\/www.web-korki.pl\/index.php\/2022\/04\/23\/paula-nie-paulina-paula-w-puerto-rico\/#primaryimage\"},\"datePublished\":\"2022-04-23T11:45:42+00:00\",\"dateModified\":\"2022-04-23T12:13:59+00:00\",\"author\":{\"@id\":\"https:\/\/www.web-korki.pl\/#\/schema\/person\/314c39f3493021bd94a9dceaec288b12\"},\"breadcrumb\":{\"@id\":\"https:\/\/www.web-korki.pl\/index.php\/2022\/04\/23\/paula-nie-paulina-paula-w-puerto-rico\/#breadcrumb\"},\"inLanguage\":\"pl-PL\",\"potentialAction\":[{\"@type\":\"ReadAction\",\"target\":[\"https:\/\/www.web-korki.pl\/index.php\/2022\/04\/23\/paula-nie-paulina-paula-w-puerto-rico\/\"]}]},{\"@type\":\"BreadcrumbList\",\"@id\":\"https:\/\/www.web-korki.pl\/index.php\/2022\/04\/23\/paula-nie-paulina-paula-w-puerto-rico\/#breadcrumb\",\"itemListElement\":[{\"@type\":\"ListItem\",\"position\":1,\"name\":\"Strona g\\u0142\\u00f3wna\",\"item\":\"https:\/\/www.web-korki.pl\/\"},{\"@type\":\"ListItem\",\"position\":2,\"name\":\"&#8222;Paula nie Paulina&#8221; &#8211; Paula w Puerto Rico\"}]},{\"@type\":\"Person\",\"@id\":\"https:\/\/www.web-korki.pl\/#\/schema\/person\/314c39f3493021bd94a9dceaec288b12\",\"name\":\"admin5889\",\"image\":{\"@type\":\"ImageObject\",\"@id\":\"https:\/\/www.web-korki.pl\/#personlogo\",\"inLanguage\":\"pl-PL\",\"url\":\"https:\/\/secure.gravatar.com\/avatar\/4b9b69db765139b70fcadd78f90d7cd4ad26130c5337cd00587efe4dfec676ee?s=96&d=mm&r=g\",\"contentUrl\":\"https:\/\/secure.gravatar.com\/avatar\/4b9b69db765139b70fcadd78f90d7cd4ad26130c5337cd00587efe4dfec676ee?s=96&d=mm&r=g\",\"caption\":\"admin5889\"},\"sameAs\":[\"http:\/\/www.web-korki.pl\"],\"url\":\"https:\/\/www.web-korki.pl\/index.php\/author\/admin5889\/\"}]}<\/script>\n<!-- \/ Yoast SEO plugin. -->","yoast_head_json":{"title":"\"Paula nie Paulina\" - Paula w Puerto Rico - Fundacja Web-korki","robots":{"index":"index","follow":"follow","max-snippet":"max-snippet:-1","max-image-preview":"max-image-preview:large","max-video-preview":"max-video-preview:-1"},"canonical":"https:\/\/www.web-korki.pl\/index.php\/2022\/04\/23\/paula-nie-paulina-paula-w-puerto-rico\/","og_locale":"pl_PL","og_type":"article","og_title":"\"Paula nie Paulina\" - Paula w Puerto Rico - Fundacja Web-korki","og_description":"Absolwentka globalnego biznesu, finans\u00f3w i zarz\u0105dzania w Szkole G\u0142\u00f3wnej Handlowej; wielbicielka j\u0119zyk\u00f3w pochodzenia roma\u0144skiego, pracuj\u0105ca w marketingu. W wolnym czasieZobacz wi\u0119cej&#8222;Paula nie Paulina&#8221; &#8211; Paula w Puerto Rico","og_url":"https:\/\/www.web-korki.pl\/index.php\/2022\/04\/23\/paula-nie-paulina-paula-w-puerto-rico\/","og_site_name":"Fundacja Web-korki","article_published_time":"2022-04-23T11:45:42+00:00","article_modified_time":"2022-04-23T12:13:59+00:00","og_image":[{"width":1280,"height":853,"url":"https:\/\/www.web-korki.pl\/wp-content\/uploads\/2022\/04\/blog1.jpg","type":"image\/jpeg"}],"twitter_card":"summary_large_image","twitter_misc":{"Napisane przez":"admin5889","Szacowany czas czytania":"6 minut"},"schema":{"@context":"https:\/\/schema.org","@graph":[{"@type":"WebSite","@id":"https:\/\/www.web-korki.pl\/#website","url":"https:\/\/www.web-korki.pl\/","name":"Fundacja Web-korki","description":"PODARUJMY DZIECIOM SW\u00d3J CZAS","potentialAction":[{"@type":"SearchAction","target":{"@type":"EntryPoint","urlTemplate":"https:\/\/www.web-korki.pl\/?s={search_term_string}"},"query-input":"required name=search_term_string"}],"inLanguage":"pl-PL"},{"@type":"ImageObject","@id":"https:\/\/www.web-korki.pl\/index.php\/2022\/04\/23\/paula-nie-paulina-paula-w-puerto-rico\/#primaryimage","inLanguage":"pl-PL","url":"https:\/\/www.web-korki.pl\/wp-content\/uploads\/2022\/04\/blog1.jpg","contentUrl":"https:\/\/www.web-korki.pl\/wp-content\/uploads\/2022\/04\/blog1.jpg","width":1280,"height":853},{"@type":"WebPage","@id":"https:\/\/www.web-korki.pl\/index.php\/2022\/04\/23\/paula-nie-paulina-paula-w-puerto-rico\/#webpage","url":"https:\/\/www.web-korki.pl\/index.php\/2022\/04\/23\/paula-nie-paulina-paula-w-puerto-rico\/","name":"\"Paula nie Paulina\" - Paula w Puerto Rico - Fundacja Web-korki","isPartOf":{"@id":"https:\/\/www.web-korki.pl\/#website"},"primaryImageOfPage":{"@id":"https:\/\/www.web-korki.pl\/index.php\/2022\/04\/23\/paula-nie-paulina-paula-w-puerto-rico\/#primaryimage"},"datePublished":"2022-04-23T11:45:42+00:00","dateModified":"2022-04-23T12:13:59+00:00","author":{"@id":"https:\/\/www.web-korki.pl\/#\/schema\/person\/314c39f3493021bd94a9dceaec288b12"},"breadcrumb":{"@id":"https:\/\/www.web-korki.pl\/index.php\/2022\/04\/23\/paula-nie-paulina-paula-w-puerto-rico\/#breadcrumb"},"inLanguage":"pl-PL","potentialAction":[{"@type":"ReadAction","target":["https:\/\/www.web-korki.pl\/index.php\/2022\/04\/23\/paula-nie-paulina-paula-w-puerto-rico\/"]}]},{"@type":"BreadcrumbList","@id":"https:\/\/www.web-korki.pl\/index.php\/2022\/04\/23\/paula-nie-paulina-paula-w-puerto-rico\/#breadcrumb","itemListElement":[{"@type":"ListItem","position":1,"name":"Strona g\u0142\u00f3wna","item":"https:\/\/www.web-korki.pl\/"},{"@type":"ListItem","position":2,"name":"&#8222;Paula nie Paulina&#8221; &#8211; Paula w Puerto Rico"}]},{"@type":"Person","@id":"https:\/\/www.web-korki.pl\/#\/schema\/person\/314c39f3493021bd94a9dceaec288b12","name":"admin5889","image":{"@type":"ImageObject","@id":"https:\/\/www.web-korki.pl\/#personlogo","inLanguage":"pl-PL","url":"https:\/\/secure.gravatar.com\/avatar\/4b9b69db765139b70fcadd78f90d7cd4ad26130c5337cd00587efe4dfec676ee?s=96&d=mm&r=g","contentUrl":"https:\/\/secure.gravatar.com\/avatar\/4b9b69db765139b70fcadd78f90d7cd4ad26130c5337cd00587efe4dfec676ee?s=96&d=mm&r=g","caption":"admin5889"},"sameAs":["http:\/\/www.web-korki.pl"],"url":"https:\/\/www.web-korki.pl\/index.php\/author\/admin5889\/"}]}},"_links":{"self":[{"href":"https:\/\/www.web-korki.pl\/index.php\/wp-json\/wp\/v2\/posts\/828","targetHints":{"allow":["GET"]}}],"collection":[{"href":"https:\/\/www.web-korki.pl\/index.php\/wp-json\/wp\/v2\/posts"}],"about":[{"href":"https:\/\/www.web-korki.pl\/index.php\/wp-json\/wp\/v2\/types\/post"}],"author":[{"embeddable":true,"href":"https:\/\/www.web-korki.pl\/index.php\/wp-json\/wp\/v2\/users\/1"}],"replies":[{"embeddable":true,"href":"https:\/\/www.web-korki.pl\/index.php\/wp-json\/wp\/v2\/comments?post=828"}],"version-history":[{"count":5,"href":"https:\/\/www.web-korki.pl\/index.php\/wp-json\/wp\/v2\/posts\/828\/revisions"}],"predecessor-version":[{"id":843,"href":"https:\/\/www.web-korki.pl\/index.php\/wp-json\/wp\/v2\/posts\/828\/revisions\/843"}],"wp:featuredmedia":[{"embeddable":true,"href":"https:\/\/www.web-korki.pl\/index.php\/wp-json\/wp\/v2\/media\/838"}],"wp:attachment":[{"href":"https:\/\/www.web-korki.pl\/index.php\/wp-json\/wp\/v2\/media?parent=828"}],"wp:term":[{"taxonomy":"category","embeddable":true,"href":"https:\/\/www.web-korki.pl\/index.php\/wp-json\/wp\/v2\/categories?post=828"},{"taxonomy":"post_tag","embeddable":true,"href":"https:\/\/www.web-korki.pl\/index.php\/wp-json\/wp\/v2\/tags?post=828"}],"curies":[{"name":"wp","href":"https:\/\/api.w.org\/{rel}","templated":true}]}}