{"id":856,"date":"2022-06-28T17:05:52","date_gmt":"2022-06-28T17:05:52","guid":{"rendered":"https:\/\/www.web-korki.pl\/?p=856"},"modified":"2022-06-28T21:06:44","modified_gmt":"2022-06-28T21:06:44","slug":"czechy-darii","status":"publish","type":"post","link":"https:\/\/www.web-korki.pl\/index.php\/2022\/06\/28\/czechy-darii\/","title":{"rendered":"Czechy Darii.."},"content":{"rendered":"\n<div class=\"wp-block-image\"><figure class=\"aligncenter size-full\"><img loading=\"lazy\" decoding=\"async\" width=\"771\" height=\"766\" src=\"https:\/\/www.web-korki.pl\/wp-content\/uploads\/2022\/06\/Daria1.jpg\" alt=\"\" class=\"wp-image-858\" srcset=\"https:\/\/www.web-korki.pl\/wp-content\/uploads\/2022\/06\/Daria1.jpg 771w, https:\/\/www.web-korki.pl\/wp-content\/uploads\/2022\/06\/Daria1-300x298.jpg 300w, https:\/\/www.web-korki.pl\/wp-content\/uploads\/2022\/06\/Daria1-150x150.jpg 150w, https:\/\/www.web-korki.pl\/wp-content\/uploads\/2022\/06\/Daria1-768x763.jpg 768w\" sizes=\"auto, (max-width: 771px) 100vw, 771px\" \/><\/figure><\/div>\n\n\n\n<p>O r\u00f3\u017cnicach kulturowych pomi\u0119dzy Czechami a Polakami, \u017cyciu w Pradze, Erasmusie w Brnie opowiada Daria swojej siostrze Oldze. Zapraszamy na wywiad siostry z siostr\u0105\u2026<\/p>\n\n\n\n<p>Daria Kotyk &nbsp;na co dzie\u0144 pracuje jako manager projekt\u00f3w HRowych w korporacji.<\/p>\n\n\n\n<p>W Web-korkach jest od samego pocz\u0105tku, a udziela\u0107 korepetycji zacz\u0119\u0142a mieszkaj\u0105c jeszcze w Czechach, w kt\u00f3rych sp\u0119dzi\u0142a ostatnie kilka lat.&nbsp;<\/p>\n\n\n\n<p><strong>Twoja historia do\u0142\u0105czenia do projektu nie b\u0119dzie pewnie zaskakuj\u0105ca, ale opowiedz kr\u00f3tko prosz\u0119 dlaczego postanowi\u0142a\u015b w\u0142\u0105czy\u0107 si\u0119 w akcj\u0119 i kogo uczysz na co dzie\u0144?<\/strong><\/p>\n\n\n\n<p>Jeszcze przed oficjalnym rozpocz\u0119ciem dzia\u0142alno\u015bci (za\u0142o\u017ceniem fundacji) wzi\u0119\u0142y\u015bmy razem udzia\u0142 w olimpiadzie \u201eZwolnieni z teorii\u201d, od kt\u00f3rej wszystko si\u0119 zacz\u0119\u0142o.<\/p>\n\n\n\n<p>W Web \u2013 korkach ucz\u0119 angielskiego, kt\u00f3ry od zawsze by\u0142 mi bliski i kt\u00f3rym pos\u0142uguj\u0119 si\u0119 w pracy i \u017cyciu prywatnym od wielu lat. Pierwsze miesi\u0105ce zaj\u0119\u0107 prowadzi\u0142am jeszcze b\u0119d\u0105c w Pradze, co by\u0142o ciekawym tematem dla moich uczni\u00f3w. Obecnie ucz\u0119 dziewczynk\u0119, kt\u00f3ra po wakacjach rozpocznie nauk\u0119 w \u00f3smej klasie szko\u0142y podstawowej.<\/p>\n\n\n\n<p><strong>&nbsp;Dwa lata pracy z jednym uczniem to spore wyzwanie, cho\u0107 to tylko pokazuje jak siln\u0105 relacje musia\u0142y\u015bcie nawi\u0105za\u0107. W jaki spos\u00f3b najcz\u0119\u015bciej si\u0119 uczycie ? Masz jakie\u015b swoje sprawdzone metody ?&nbsp;<\/strong><\/p>\n\n\n\n<p>To prawda, troch\u0119 razem przesz\u0142y\u015bmy przez ten czas.Nie mam sprawdzonych metod \u2013 po prostu staram si\u0119 pozna\u0107 ucznia i nast\u0119pnie pod tym k\u0105tem prowadzi\u0107 zaj\u0119cia. Staram si\u0119 pomaga\u0107 w bie\u017c\u0105cej nauce poprzez np. wsp\u00f3lne rozwi\u0105zywanie \u0107wicze\u0144 czy quiz\u00f3w tematycznych utrwalaj\u0105cych wiedz\u0119 zdobywan\u0105 w szkole.&nbsp;&nbsp;<\/p>\n\n\n\n<p><strong>&nbsp;Dobrze, to przejd\u017amy teraz do Twoich lat sp\u0119dzonych w Czechach, przed przeprowadzk\u0105 na kilka dobrych lat sp\u0119dzi\u0142a\u015b tam p\u00f3\u0142 roku na Erasmusie, jak wspominasz ten czas i czego Ci\u0119 nauczy\u0142o to do\u015bwiadczenie ?&nbsp;<\/strong><\/p>\n\n\n\n<p>Erasmus to jedna z najpi\u0119kniejszych przyg\u00f3d mojego \u017cycia \u2013 w moim przypadku by\u0142 to zar\u00f3wno semestr na uniwersytecie Masaryka w Brnie, jak i p\u00f3\u017aniejszy sta\u017c w kancelarii adwokackiej w tym samym mie\u015bcie, cho\u0107 sam wyb\u00f3r Brna jako miejsca Erasmusa by\u0142 nieco przypadkowy \u2013 planowa\u0142am wyjecha\u0107 do Niemiec, jednak w ostatniej chwili okaza\u0142o si\u0119 to niemo\u017cliwe z powod\u00f3w administracyjnych. St\u0105d wyb\u00f3r pad\u0142 na inn\u0105 dost\u0119pn\u0105 opcj\u0119, czyli Brno. Pozna\u0142am fantastycznych ludzi z r\u00f3\u017cnych kraj\u00f3w,z niekt\u00f3rymi do dzi\u015b utrzymuj\u0119 kontakty ,cho\u0107 od czasu studi\u00f3w min\u0119\u0142o ju\u017c kilka lat&nbsp;przekona\u0142am si\u0119, jak wiele daje bieg\u0142a znajomo\u015b\u0107 j\u0119zyka obcego \u2013 mo\u017cliwo\u015b\u0107 podr\u00f3\u017cy, zwiedzania \u015bwiata, poznania przyjaci\u00f3\u0142 z r\u00f3\u017cnych kraj\u00f3w, zdobycia dobrej pracy &#8211; co r\u00f3wnie\u017c cz\u0119sto przekazuj\u0119 moim uczniom jako zach\u0119t\u0119 do nauki. Zar\u00f3wno studia, jak i p\u00f3\u017aniejsze \u017cycie za granic\u0105 pomog\u0142o mi otworzy\u0107 si\u0119 na \u015bwiat, patrze\u0107 z innej perspektywy na r\u00f3\u017cne sprawy ale tak\u017ce doceni\u0107 to, co mamy w Polsce, a co wcze\u015bniej wydawa\u0142o si\u0119 oczywiste i zwyczajne.<\/p>\n\n\n\n<figure class=\"wp-block-image size-large\"><img loading=\"lazy\" decoding=\"async\" width=\"1024\" height=\"768\" src=\"https:\/\/www.web-korki.pl\/wp-content\/uploads\/2022\/06\/Daria2-1-1024x768.jpg\" alt=\"\" class=\"wp-image-860\" srcset=\"https:\/\/www.web-korki.pl\/wp-content\/uploads\/2022\/06\/Daria2-1-1024x768.jpg 1024w, https:\/\/www.web-korki.pl\/wp-content\/uploads\/2022\/06\/Daria2-1-300x225.jpg 300w, https:\/\/www.web-korki.pl\/wp-content\/uploads\/2022\/06\/Daria2-1-768x576.jpg 768w, https:\/\/www.web-korki.pl\/wp-content\/uploads\/2022\/06\/Daria2-1-440x330.jpg 440w, https:\/\/www.web-korki.pl\/wp-content\/uploads\/2022\/06\/Daria2-1-920x690.jpg 920w, https:\/\/www.web-korki.pl\/wp-content\/uploads\/2022\/06\/Daria2-1.jpg 1386w\" sizes=\"auto, (max-width: 1024px) 100vw, 1024px\" \/><\/figure>\n\n\n\n<p><strong>I 2 lata p\u00f3\u017aniej postanowi\u0142a\u015b przeprowadzi\u0107 si\u0119 do tego kraju&#8230;.w jakich miastach mieszka\u0142a\u015b i dlaczego zdecydowa\u0142a\u015b si\u0119 pojecha\u0107 w\u0142a\u015bnie tam?\u00a0<\/strong><\/p>\n\n\n\n<p>Dosta\u0142am bardzo ciekaw\u0105 propozycj\u0119 pracy jako Technical Project Manager w nowo tworzonym zespole w ameryka\u0144skiej firmie telekomunikacyjnej, kt\u00f3rej najwi\u0119kszy europejski oddzia\u0142 znajduje si\u0119 w\u0142a\u015bnie w Brnie. Zawsze chcia\u0142am spr\u00f3bowa\u0107 pracy w mi\u0119dzynarodowym \u015brodowisku, ale takim prawdziwym,&nbsp;&nbsp;w kt\u00f3rym nie b\u0119d\u0119 mog\u0142a komunikowa\u0107 si\u0119 w innym j\u0119zyku ni\u017c angielski. Sama praca, przyznaj\u0119, by\u0142a dla mnie niewiadom\u0105, zw\u0142aszcza \u017ce dotyczy\u0142a zarz\u0105dzania projektami w \u015brodowisku IT.<\/p>\n\n\n\n<p>W tamtym momencie pracowa\u0142am w kancelarii prawnej, st\u0105d przeskok tematyczny by\u0142 spory. Pomy\u015bla\u0142am jednak, \u017ce warto spr\u00f3bowa\u0107 czego\u015b&nbsp;&nbsp;nowego,w zakresie pracy, wychodz\u0119 bowiem z za\u0142o\u017cenia \u017ce trzeba zbiera\u0107 r\u00f3\u017cne do\u015bwiadczenia. Poza tym zna\u0142am ju\u017c Brno kt\u00f3re sta\u0142o mi si\u0119 bliskie. St\u0105d w\u0142a\u015bnie decyzja o przeprowadzce. Po kilku latach pracy w Brnie przenios\u0142am si\u0119 do Pragi, w kt\u00f3rej z uwagi na pandemi\u0119 mieszka\u0142am kr\u00f3cej, jednak wystarczaj\u0105co d\u0142ugo by j\u0105 dobrze pozna\u0107 i polubi\u0107.<\/p>\n\n\n\n<figure class=\"wp-block-image size-large\"><img loading=\"lazy\" decoding=\"async\" width=\"1024\" height=\"768\" src=\"https:\/\/www.web-korki.pl\/wp-content\/uploads\/2022\/06\/Daria3-1024x768.jpg\" alt=\"\" class=\"wp-image-861\" srcset=\"https:\/\/www.web-korki.pl\/wp-content\/uploads\/2022\/06\/Daria3-1024x768.jpg 1024w, https:\/\/www.web-korki.pl\/wp-content\/uploads\/2022\/06\/Daria3-300x225.jpg 300w, https:\/\/www.web-korki.pl\/wp-content\/uploads\/2022\/06\/Daria3-768x576.jpg 768w, https:\/\/www.web-korki.pl\/wp-content\/uploads\/2022\/06\/Daria3-440x330.jpg 440w, https:\/\/www.web-korki.pl\/wp-content\/uploads\/2022\/06\/Daria3-920x690.jpg 920w, https:\/\/www.web-korki.pl\/wp-content\/uploads\/2022\/06\/Daria3.jpg 1386w\" sizes=\"auto, (max-width: 1024px) 100vw, 1024px\" \/><\/figure>\n\n\n\n<p><strong>Co Ci\u0119 najbardziej urzek\u0142o w tym miejscu i czy mog\u0142aby\u015b opowiedzie\u0107 jak\u0105\u015b anegdotk\u0119 zwi\u0105zan\u0105 z \u017cyciem w Czechach ?&nbsp;<\/strong><\/p>\n\n\n\n<p>Czechy to ma\u0142y kraj, czego spor\u0105 zalet\u0105 s\u0105 niewielkie odleg\u0142o\u015bci. Brno, w kt\u00f3rym sp\u0119dzi\u0142am wi\u0119kszo\u015b\u0107 czasu swojej czeskiej emigracji jest po\u0142o\u017cone blisko Bratys\u0142awy, Wiednia, nieco dalej od Budapesztu ale wci\u0105\u017c niedaleko. Dzi\u0119ki temu bez problemu mo\u017cna wybra\u0107 si\u0119 do tych europejskich stolic na weekendow\u0105 wycieczk\u0119. Opr\u00f3cz Brna, mieszka\u0142am te\u017c w Pradze kt\u00f3ra jest bardzo mi\u0119dzynarodowa i gdzie mo\u017cna zapomnie\u0107, \u017ce jest si\u0119 w Republice Czeskiej, poniewa\u017c j\u0119zyki obce mo\u017cna us\u0142ysze\u0107 na ka\u017cdym kroku. W Brnie najbardziej urzekli mnie ludzie, moi bliscy przyjaciele i \u015bwietna praca, natomiast Prag\u0119 pokocha\u0142am za wyj\u0105tkowe pi\u0119kno i magi\u0119 miasta. W praskich uliczkach naprawd\u0119 mo\u017cna si\u0119 zgubi\u0107. W samych Czechach urzek\u0142o mnie to, \u017ce niemal&nbsp;&nbsp;ka\u017cde miasteczko ma sw\u00f3j w\u0142asny zamek. Naprawd\u0119 tak jest! Pono\u0107 w ca\u0142ych Czechach jest ich ponad 200.&nbsp;&nbsp;A je\u015bli chodzi o zabawne sytuacje, mia\u0142am ich sporo, g\u0142\u00f3wnie z uwagi na podobie\u0144stwo j\u0119zyka czeskiego do polskiego. Najbardziej jednak utkwi\u0142a mi w pami\u0119ci sytuacja z pierwszego tygodnia mieszkania w Brnie. Wraca\u0142am do domu w nocy&nbsp;&nbsp;z pracy (wspiera\u0142am rynek ameryka\u0144ski, st\u0105d praca w p\u00f3\u017anych godzinach) i pomyli\u0142am nr autobusu. W efekcie znalaz\u0142am si\u0119 w szczerym polu po drugiej stronie Brna. Czu\u0142am si\u0119 bardzo nieswojo, wszyscy pasa\u017cerowie opu\u015bcili autobus, zosta\u0142am tylko ja. Postanowi\u0142am poprosi\u0107 wi\u0119c o pomoc kierowc\u0119. Nie by\u0142o szans by dogada\u0107 si\u0119 po angielsku, pr\u00f3bowa\u0142am mu wi\u0119c na migi wyja\u015bni\u0107 \u017ce chc\u0119 dosta\u0107 si\u0119 na dworzec g\u0142\u00f3wny, powt\u00f3rzy\u0142am wi\u0119c s\u0142owo \u201ehlavni nadrazi\u201d. Kierowca na to s\u0142owo zamkn\u0105\u0142 drzwi autobusu ze mn\u0105 w \u015brodku i zacz\u0105\u0142 dok\u0105d\u015b jecha\u0107 &#8211;&nbsp;&nbsp;w tym momencie my\u015bla\u0142am \u017ce obudz\u0119 si\u0119 jutro bez nerki\u2026 ale na szcz\u0119\u015bcie okaza\u0142o si\u0119, \u017ce by\u0142 na tyle uprzejmy, \u017ce podwi\u00f3z\u0142 mnie we w\u0142a\u015bciwe miejsce, na wspomniany dworzec, sk\u0105d bezpiecznie wr\u00f3ci\u0142am do domu.<\/p>\n\n\n\n<figure class=\"wp-block-image size-full\"><img loading=\"lazy\" decoding=\"async\" width=\"960\" height=\"720\" src=\"https:\/\/www.web-korki.pl\/wp-content\/uploads\/2022\/06\/Daria4.jpg\" alt=\"\" class=\"wp-image-862\" srcset=\"https:\/\/www.web-korki.pl\/wp-content\/uploads\/2022\/06\/Daria4.jpg 960w, https:\/\/www.web-korki.pl\/wp-content\/uploads\/2022\/06\/Daria4-300x225.jpg 300w, https:\/\/www.web-korki.pl\/wp-content\/uploads\/2022\/06\/Daria4-768x576.jpg 768w, https:\/\/www.web-korki.pl\/wp-content\/uploads\/2022\/06\/Daria4-440x330.jpg 440w, https:\/\/www.web-korki.pl\/wp-content\/uploads\/2022\/06\/Daria4-920x690.jpg 920w\" sizes=\"auto, (max-width: 960px) 100vw, 960px\" \/><\/figure>\n\n\n\n<p><strong>Czy s\u0105 jakie\u015b podstawowe r\u00f3\u017cnice mi\u0119dzy Czechami a Polakami ?<\/strong><strong><\/strong><\/p>\n\n\n\n<p>Czesi s\u0105 bardziej \u201ewyluzowani\u201d zdecydowanie ma\u0142o ich interesuje \u017cycie s\u0105siad\u00f3w \u2013 ma to swoje plusy i minusy. Z jednej strony nikt nie skrytykuje wystroju Twojego balkonu b\u0105d\u017a ubioru, z drugiej natomiast o 7:00 rano w niedziel\u0119 mo\u017ce obudzi\u0107 Ci\u0119 d\u017awi\u0119k wiertarki udarowej, bo Tw\u00f3j s\u0105siad akurat postanowi\u0142 kontynuowa\u0107 remont\u2026 Wydaje mi si\u0119 te\u017c, \u017ce Czesi mniej czasu po\u015bwi\u0119caj\u0105 pracy ni\u017c Polacy, praca po godzinach nie jest dla nich zjawiskiem typowym. Cz\u0119sto za to w \u015brodku tygodnia mo\u017cna spotka\u0107 ich w hospodzie, gdzie relaksuj\u0105 si\u0119 po dniu pracy popijaj\u0105c swoj\u0105 dum\u0119 narodow\u0105 czyli piwo.&nbsp;Nie wiem, czy jest to tak cz\u0119ste w\u015br\u00f3d Polak\u00f3w. Sporo Czech\u00f3w korzysta z si\u0142owni, je\u017adzi na nartach b\u0105d\u017a gra w hokeja na lodzie. W og\u00f3le hokej to ich sport narodowy wi\u0119c ju\u017c kilkulatki zapisywane s\u0105 do szk\u00f3\u0142ek. Us\u0142ysza\u0142am kiedy\u015b od znajomego Czecha, \u017ce poniewa\u017c tak bardzo lubi\u0105 piwo, knedliki i rizki, musz\u0105 korzysta\u0107 z r\u00f3\u017cnych aktywno\u015bci bo inaczej zamiast chodzi\u0107, b\u0119d\u0105 si\u0119 toczy\u0107 \u2013 i co\u015b w tym jest.<\/p>\n\n\n\n<figure class=\"wp-block-image size-large\"><img loading=\"lazy\" decoding=\"async\" width=\"1024\" height=\"768\" src=\"https:\/\/www.web-korki.pl\/wp-content\/uploads\/2022\/06\/Daria6-1-1024x768.jpg\" alt=\"\" class=\"wp-image-865\" srcset=\"https:\/\/www.web-korki.pl\/wp-content\/uploads\/2022\/06\/Daria6-1-1024x768.jpg 1024w, https:\/\/www.web-korki.pl\/wp-content\/uploads\/2022\/06\/Daria6-1-300x225.jpg 300w, https:\/\/www.web-korki.pl\/wp-content\/uploads\/2022\/06\/Daria6-1-768x576.jpg 768w, https:\/\/www.web-korki.pl\/wp-content\/uploads\/2022\/06\/Daria6-1-440x330.jpg 440w, https:\/\/www.web-korki.pl\/wp-content\/uploads\/2022\/06\/Daria6-1-920x690.jpg 920w, https:\/\/www.web-korki.pl\/wp-content\/uploads\/2022\/06\/Daria6-1.jpg 1386w\" sizes=\"auto, (max-width: 1024px) 100vw, 1024px\" \/><\/figure>\n\n\n\n<p>&nbsp;<strong>A jak oceniasz ich kuchni\u0119? Z tego co wiem s\u0142yn\u0105 z do\u015b\u0107 ci\u0119\u017ckostrawnych potraw ale za to przepysznych !&nbsp;<\/strong><\/p>\n\n\n\n<p>To prawda, ich kuchnia jest bardzo smaczna, cho\u0107 na co dzie\u0144 rzeczywi\u015bcie ci\u0119\u017ckostrawna. Co\u015b takiego jak \u201esur\u00f3wka\u201d do obiadu nie wyst\u0119puje.&nbsp;Czesi w og\u00f3le jedz\u0105 niewiele warzyw i owoc\u00f3w. Nie ma te\u017c w restauracjach wielkiego wyboru dla wegetarian, cho\u0107 na przestrzeni lat widz\u0119 zmian\u0119 w tym zakresie. Oczywi\u015bcie najszybciej w tym kierunku rozwija si\u0119 Praga. Pod tym wzgl\u0119dem mamy w Polsce zdecydowanie lepszy wyb\u00f3r, a nasza kuchnia jest bardziej lekkostrawna. Cho\u0107 trzeba przyzna\u0107, \u017ce \u201esmazeny syr\u201d czy \u201esvickova\u201d to idealne opcje na zimowe popo\u0142udnia po ca\u0142ym dniu jazdy na nartach i my\u015bl\u0119, \u017ce w\u0142a\u015bnie wtedy smakuj\u0105 najlepiej.<\/p>\n\n\n\n<p><strong>To na koniec jeszcze zapytam, czy mia\u0142aby\u015b jakie\u015b rady dla os\u00f3b, kt\u00f3re zastanawiaj\u0105 si\u0119 nad wyjazdem na Erasmusa? Przede wszystkim czy warto jecha\u0107 i czy jest si\u0119 czego obawia\u0107 ?&nbsp;<\/strong><\/p>\n\n\n\n<p>Zdecydowanie warto! Nigdy nie wiadomo, co taki wyjazd przyniesie. Nie warto te\u017c rezygnowa\u0107 z nie\u015bmia\u0142o\u015bci \u2013 znam osoby, kt\u00f3re nie pojecha\u0142y poniewa\u017c nie wierzy\u0142y, \u017ce poradz\u0105 sobie pod k\u0105tem znajomo\u015bci j\u0119zyka obcego. Przy&nbsp;&nbsp;wyborze poleci\u0142abym bardziej skupi\u0107 si\u0119 na wielko\u015bci miasta, do kt\u00f3rego chcemy wyjecha\u0107 ni\u017c na danym kraju. Moim zdaniem najlepiej wybra\u0107 miasto ciekawie usytuowane, oferuj\u0105ce mo\u017cliwo\u015b\u0107 podr\u00f3\u017cy czy cho\u0107by z ciekaw\u0105 okolic\u0105. Uniwersytet to moim zdaniem drugorz\u0119dna sprawa, wszystkie bior\u0105ce udzia\u0142 w programie Erasmus musz\u0105 osi\u0105gn\u0105\u0107 odpowiedni poziom nauczania&nbsp;&nbsp;by uzyska\u0107 akceptacj\u0119 komisji dlatego uwa\u017cam , \u017ce nie ma tutaj z\u0142ych wybor\u00f3w. Podsumowuj\u0105c, nie ma czego si\u0119 ba\u0107, potraktowa\u0107 to jako szans\u0119 i przygod\u0119, kt\u00f3ra zostanie w pami\u0119ci na d\u0142ugie lata, a nawet do ko\u0144ca \u017cycia.<\/p>\n\n\n\n<figure class=\"wp-block-image size-large\"><img loading=\"lazy\" decoding=\"async\" width=\"1024\" height=\"1024\" src=\"https:\/\/www.web-korki.pl\/wp-content\/uploads\/2022\/06\/Daria7-1024x1024.jpg\" alt=\"\" class=\"wp-image-864\" srcset=\"https:\/\/www.web-korki.pl\/wp-content\/uploads\/2022\/06\/Daria7-1024x1024.jpg 1024w, https:\/\/www.web-korki.pl\/wp-content\/uploads\/2022\/06\/Daria7-300x300.jpg 300w, https:\/\/www.web-korki.pl\/wp-content\/uploads\/2022\/06\/Daria7-150x150.jpg 150w, https:\/\/www.web-korki.pl\/wp-content\/uploads\/2022\/06\/Daria7-768x768.jpg 768w, https:\/\/www.web-korki.pl\/wp-content\/uploads\/2022\/06\/Daria7-1536x1536.jpg 1536w, https:\/\/www.web-korki.pl\/wp-content\/uploads\/2022\/06\/Daria7-666x666.jpg 666w, https:\/\/www.web-korki.pl\/wp-content\/uploads\/2022\/06\/Daria7.jpg 1890w\" sizes=\"auto, (max-width: 1024px) 100vw, 1024px\" \/><\/figure>\n\n\n\n<p>Extra, dzi\u0119kuj\u0119 Ci bardzo za po\u015bwi\u0119cony czas i \u017cycz\u0119 dalszych przyg\u00f3d!<\/p>\n\n\n\n<p>Wywiad przeprowadzi\u0142a Olga Kotyk- Za\u0142o\u017cycielka i Prezeska naszej fundacji.<\/p>\n","protected":false},"excerpt":{"rendered":"<p>O r\u00f3\u017cnicach kulturowych pomi\u0119dzy Czechami a Polakami, \u017cyciu w Pradze, Erasmusie w Brnie opowiada Daria swojej siostrze Oldze. Zapraszamy na<\/p>\n<p><a href=\"https:\/\/www.web-korki.pl\/index.php\/2022\/06\/28\/czechy-darii\/\" class=\"more-link\">Zobacz wi\u0119cej<span class=\"screen-reader-text\">Czechy Darii..<\/span><\/a><\/p>\n","protected":false},"author":1,"featured_media":858,"comment_status":"closed","ping_status":"closed","sticky":false,"template":"","format":"standard","meta":{"footnotes":""},"categories":[1],"tags":[],"class_list":["post-856","post","type-post","status-publish","format-standard","has-post-thumbnail","hentry","category-blog"],"yoast_head":"<!-- This site is optimized with the Yoast SEO plugin v17.9 - https:\/\/yoast.com\/wordpress\/plugins\/seo\/ -->\n<title>Czechy Darii.. - Fundacja Web-korki<\/title>\n<meta name=\"robots\" content=\"index, follow, max-snippet:-1, max-image-preview:large, max-video-preview:-1\" \/>\n<link rel=\"canonical\" href=\"https:\/\/www.web-korki.pl\/index.php\/2022\/06\/28\/czechy-darii\/\" \/>\n<meta property=\"og:locale\" content=\"pl_PL\" \/>\n<meta property=\"og:type\" content=\"article\" \/>\n<meta property=\"og:title\" content=\"Czechy Darii.. - Fundacja Web-korki\" \/>\n<meta property=\"og:description\" content=\"O r\u00f3\u017cnicach kulturowych pomi\u0119dzy Czechami a Polakami, \u017cyciu w Pradze, Erasmusie w Brnie opowiada Daria swojej siostrze Oldze. Zapraszamy naZobacz wi\u0119cejCzechy Darii..\" \/>\n<meta property=\"og:url\" content=\"https:\/\/www.web-korki.pl\/index.php\/2022\/06\/28\/czechy-darii\/\" \/>\n<meta property=\"og:site_name\" content=\"Fundacja Web-korki\" \/>\n<meta property=\"article:published_time\" content=\"2022-06-28T17:05:52+00:00\" \/>\n<meta property=\"article:modified_time\" content=\"2022-06-28T21:06:44+00:00\" \/>\n<meta property=\"og:image\" content=\"https:\/\/www.web-korki.pl\/wp-content\/uploads\/2022\/06\/Daria1.jpg\" \/>\n\t<meta property=\"og:image:width\" content=\"771\" \/>\n\t<meta property=\"og:image:height\" content=\"766\" \/>\n\t<meta property=\"og:image:type\" content=\"image\/jpeg\" \/>\n<meta name=\"twitter:card\" content=\"summary_large_image\" \/>\n<meta name=\"twitter:label1\" content=\"Napisane przez\" \/>\n\t<meta name=\"twitter:data1\" content=\"admin5889\" \/>\n\t<meta name=\"twitter:label2\" content=\"Szacowany czas czytania\" \/>\n\t<meta name=\"twitter:data2\" content=\"10 minut\" \/>\n<script type=\"application\/ld+json\" class=\"yoast-schema-graph\">{\"@context\":\"https:\/\/schema.org\",\"@graph\":[{\"@type\":\"WebSite\",\"@id\":\"https:\/\/www.web-korki.pl\/#website\",\"url\":\"https:\/\/www.web-korki.pl\/\",\"name\":\"Fundacja Web-korki\",\"description\":\"PODARUJMY DZIECIOM SW\\u00d3J CZAS\",\"potentialAction\":[{\"@type\":\"SearchAction\",\"target\":{\"@type\":\"EntryPoint\",\"urlTemplate\":\"https:\/\/www.web-korki.pl\/?s={search_term_string}\"},\"query-input\":\"required name=search_term_string\"}],\"inLanguage\":\"pl-PL\"},{\"@type\":\"ImageObject\",\"@id\":\"https:\/\/www.web-korki.pl\/index.php\/2022\/06\/28\/czechy-darii\/#primaryimage\",\"inLanguage\":\"pl-PL\",\"url\":\"https:\/\/www.web-korki.pl\/wp-content\/uploads\/2022\/06\/Daria1.jpg\",\"contentUrl\":\"https:\/\/www.web-korki.pl\/wp-content\/uploads\/2022\/06\/Daria1.jpg\",\"width\":771,\"height\":766},{\"@type\":\"WebPage\",\"@id\":\"https:\/\/www.web-korki.pl\/index.php\/2022\/06\/28\/czechy-darii\/#webpage\",\"url\":\"https:\/\/www.web-korki.pl\/index.php\/2022\/06\/28\/czechy-darii\/\",\"name\":\"Czechy Darii.. - Fundacja Web-korki\",\"isPartOf\":{\"@id\":\"https:\/\/www.web-korki.pl\/#website\"},\"primaryImageOfPage\":{\"@id\":\"https:\/\/www.web-korki.pl\/index.php\/2022\/06\/28\/czechy-darii\/#primaryimage\"},\"datePublished\":\"2022-06-28T17:05:52+00:00\",\"dateModified\":\"2022-06-28T21:06:44+00:00\",\"author\":{\"@id\":\"https:\/\/www.web-korki.pl\/#\/schema\/person\/314c39f3493021bd94a9dceaec288b12\"},\"breadcrumb\":{\"@id\":\"https:\/\/www.web-korki.pl\/index.php\/2022\/06\/28\/czechy-darii\/#breadcrumb\"},\"inLanguage\":\"pl-PL\",\"potentialAction\":[{\"@type\":\"ReadAction\",\"target\":[\"https:\/\/www.web-korki.pl\/index.php\/2022\/06\/28\/czechy-darii\/\"]}]},{\"@type\":\"BreadcrumbList\",\"@id\":\"https:\/\/www.web-korki.pl\/index.php\/2022\/06\/28\/czechy-darii\/#breadcrumb\",\"itemListElement\":[{\"@type\":\"ListItem\",\"position\":1,\"name\":\"Strona g\\u0142\\u00f3wna\",\"item\":\"https:\/\/www.web-korki.pl\/\"},{\"@type\":\"ListItem\",\"position\":2,\"name\":\"Czechy Darii..\"}]},{\"@type\":\"Person\",\"@id\":\"https:\/\/www.web-korki.pl\/#\/schema\/person\/314c39f3493021bd94a9dceaec288b12\",\"name\":\"admin5889\",\"image\":{\"@type\":\"ImageObject\",\"@id\":\"https:\/\/www.web-korki.pl\/#personlogo\",\"inLanguage\":\"pl-PL\",\"url\":\"https:\/\/secure.gravatar.com\/avatar\/4b9b69db765139b70fcadd78f90d7cd4ad26130c5337cd00587efe4dfec676ee?s=96&d=mm&r=g\",\"contentUrl\":\"https:\/\/secure.gravatar.com\/avatar\/4b9b69db765139b70fcadd78f90d7cd4ad26130c5337cd00587efe4dfec676ee?s=96&d=mm&r=g\",\"caption\":\"admin5889\"},\"sameAs\":[\"http:\/\/www.web-korki.pl\"],\"url\":\"https:\/\/www.web-korki.pl\/index.php\/author\/admin5889\/\"}]}<\/script>\n<!-- \/ Yoast SEO plugin. -->","yoast_head_json":{"title":"Czechy Darii.. - Fundacja Web-korki","robots":{"index":"index","follow":"follow","max-snippet":"max-snippet:-1","max-image-preview":"max-image-preview:large","max-video-preview":"max-video-preview:-1"},"canonical":"https:\/\/www.web-korki.pl\/index.php\/2022\/06\/28\/czechy-darii\/","og_locale":"pl_PL","og_type":"article","og_title":"Czechy Darii.. - Fundacja Web-korki","og_description":"O r\u00f3\u017cnicach kulturowych pomi\u0119dzy Czechami a Polakami, \u017cyciu w Pradze, Erasmusie w Brnie opowiada Daria swojej siostrze Oldze. Zapraszamy naZobacz wi\u0119cejCzechy Darii..","og_url":"https:\/\/www.web-korki.pl\/index.php\/2022\/06\/28\/czechy-darii\/","og_site_name":"Fundacja Web-korki","article_published_time":"2022-06-28T17:05:52+00:00","article_modified_time":"2022-06-28T21:06:44+00:00","og_image":[{"width":771,"height":766,"url":"https:\/\/www.web-korki.pl\/wp-content\/uploads\/2022\/06\/Daria1.jpg","type":"image\/jpeg"}],"twitter_card":"summary_large_image","twitter_misc":{"Napisane przez":"admin5889","Szacowany czas czytania":"10 minut"},"schema":{"@context":"https:\/\/schema.org","@graph":[{"@type":"WebSite","@id":"https:\/\/www.web-korki.pl\/#website","url":"https:\/\/www.web-korki.pl\/","name":"Fundacja Web-korki","description":"PODARUJMY DZIECIOM SW\u00d3J CZAS","potentialAction":[{"@type":"SearchAction","target":{"@type":"EntryPoint","urlTemplate":"https:\/\/www.web-korki.pl\/?s={search_term_string}"},"query-input":"required name=search_term_string"}],"inLanguage":"pl-PL"},{"@type":"ImageObject","@id":"https:\/\/www.web-korki.pl\/index.php\/2022\/06\/28\/czechy-darii\/#primaryimage","inLanguage":"pl-PL","url":"https:\/\/www.web-korki.pl\/wp-content\/uploads\/2022\/06\/Daria1.jpg","contentUrl":"https:\/\/www.web-korki.pl\/wp-content\/uploads\/2022\/06\/Daria1.jpg","width":771,"height":766},{"@type":"WebPage","@id":"https:\/\/www.web-korki.pl\/index.php\/2022\/06\/28\/czechy-darii\/#webpage","url":"https:\/\/www.web-korki.pl\/index.php\/2022\/06\/28\/czechy-darii\/","name":"Czechy Darii.. - Fundacja Web-korki","isPartOf":{"@id":"https:\/\/www.web-korki.pl\/#website"},"primaryImageOfPage":{"@id":"https:\/\/www.web-korki.pl\/index.php\/2022\/06\/28\/czechy-darii\/#primaryimage"},"datePublished":"2022-06-28T17:05:52+00:00","dateModified":"2022-06-28T21:06:44+00:00","author":{"@id":"https:\/\/www.web-korki.pl\/#\/schema\/person\/314c39f3493021bd94a9dceaec288b12"},"breadcrumb":{"@id":"https:\/\/www.web-korki.pl\/index.php\/2022\/06\/28\/czechy-darii\/#breadcrumb"},"inLanguage":"pl-PL","potentialAction":[{"@type":"ReadAction","target":["https:\/\/www.web-korki.pl\/index.php\/2022\/06\/28\/czechy-darii\/"]}]},{"@type":"BreadcrumbList","@id":"https:\/\/www.web-korki.pl\/index.php\/2022\/06\/28\/czechy-darii\/#breadcrumb","itemListElement":[{"@type":"ListItem","position":1,"name":"Strona g\u0142\u00f3wna","item":"https:\/\/www.web-korki.pl\/"},{"@type":"ListItem","position":2,"name":"Czechy Darii.."}]},{"@type":"Person","@id":"https:\/\/www.web-korki.pl\/#\/schema\/person\/314c39f3493021bd94a9dceaec288b12","name":"admin5889","image":{"@type":"ImageObject","@id":"https:\/\/www.web-korki.pl\/#personlogo","inLanguage":"pl-PL","url":"https:\/\/secure.gravatar.com\/avatar\/4b9b69db765139b70fcadd78f90d7cd4ad26130c5337cd00587efe4dfec676ee?s=96&d=mm&r=g","contentUrl":"https:\/\/secure.gravatar.com\/avatar\/4b9b69db765139b70fcadd78f90d7cd4ad26130c5337cd00587efe4dfec676ee?s=96&d=mm&r=g","caption":"admin5889"},"sameAs":["http:\/\/www.web-korki.pl"],"url":"https:\/\/www.web-korki.pl\/index.php\/author\/admin5889\/"}]}},"_links":{"self":[{"href":"https:\/\/www.web-korki.pl\/index.php\/wp-json\/wp\/v2\/posts\/856","targetHints":{"allow":["GET"]}}],"collection":[{"href":"https:\/\/www.web-korki.pl\/index.php\/wp-json\/wp\/v2\/posts"}],"about":[{"href":"https:\/\/www.web-korki.pl\/index.php\/wp-json\/wp\/v2\/types\/post"}],"author":[{"embeddable":true,"href":"https:\/\/www.web-korki.pl\/index.php\/wp-json\/wp\/v2\/users\/1"}],"replies":[{"embeddable":true,"href":"https:\/\/www.web-korki.pl\/index.php\/wp-json\/wp\/v2\/comments?post=856"}],"version-history":[{"count":4,"href":"https:\/\/www.web-korki.pl\/index.php\/wp-json\/wp\/v2\/posts\/856\/revisions"}],"predecessor-version":[{"id":869,"href":"https:\/\/www.web-korki.pl\/index.php\/wp-json\/wp\/v2\/posts\/856\/revisions\/869"}],"wp:featuredmedia":[{"embeddable":true,"href":"https:\/\/www.web-korki.pl\/index.php\/wp-json\/wp\/v2\/media\/858"}],"wp:attachment":[{"href":"https:\/\/www.web-korki.pl\/index.php\/wp-json\/wp\/v2\/media?parent=856"}],"wp:term":[{"taxonomy":"category","embeddable":true,"href":"https:\/\/www.web-korki.pl\/index.php\/wp-json\/wp\/v2\/categories?post=856"},{"taxonomy":"post_tag","embeddable":true,"href":"https:\/\/www.web-korki.pl\/index.php\/wp-json\/wp\/v2\/tags?post=856"}],"curies":[{"name":"wp","href":"https:\/\/api.w.org\/{rel}","templated":true}]}}